{"id":12660,"date":"2025-10-05T11:08:49","date_gmt":"2025-10-05T14:08:49","guid":{"rendered":"https:\/\/lalupa24.com.ar\/?p=12660"},"modified":"2025-10-05T11:08:50","modified_gmt":"2025-10-05T14:08:50","slug":"milei-retoma-la-campana-tras-la-crisis-espert-con-una-agenda-de-gobernabilidad-y-rumbo-a-cambios-en-el-gabinete","status":"publish","type":"post","link":"https:\/\/lalupa24.com.ar\/index.php\/2025\/10\/05\/milei-retoma-la-campana-tras-la-crisis-espert-con-una-agenda-de-gobernabilidad-y-rumbo-a-cambios-en-el-gabinete\/","title":{"rendered":"MILEI RETOMA LA CAMPA\u00d1A TRAS LA CRISIS ESPERT CON UNA AGENDA DE GOBERNABILIDAD Y RUMBO A CAMBIOS EN EL GABINETE"},"content":{"rendered":"\n<p>El presidente Javier Milei relanz\u00f3 su agenda de campa\u00f1a en medio de un clima de <em>estupor<\/em> interno generado por el <strong>&#8220;caso Espert&#8221;<\/strong>, una crisis que ha reavivado las discusiones sobre la \u00e9tica p\u00fablica y el impacto electoral. La decisi\u00f3n del mandatario de <strong>respaldar en soledad<\/strong> al diputado Jos\u00e9 Luis Espert, vinculado a un empresario pr\u00f3fugo acusado de narcotr\u00e1fico en EE.UU., ha puesto en alerta a la c\u00fapula de La Libertad Avanza (LLA) por el posible deterioro de la imagen de <em>mano dura contra la corrupci\u00f3n<\/em> y el <em>narcoterrorismo<\/em>, pilares de su plataforma. La urgencia pol\u00edtica se cruza con un plan ya delineado: la <strong>reestructuraci\u00f3n del Gabinete<\/strong> despu\u00e9s de las elecciones legislativas del 26 de octubre, con un enfoque claro en mejorar la <strong>gobernabilidad<\/strong>.<\/p>\n\n\n\n<p>La pol\u00e9mica en torno a Espert, cuya continuidad ha generado fricciones incluso con aliados como el PRO, amenaza con socavar el mensaje de transparencia de LLA en una coyuntura electoral clave. Asesores del Gobierno admiten que el <em>impacto electoral es inevitable<\/em>, aunque sostienen que el hecho pol\u00edtico ya ocurri\u00f3 y la estrategia debe ser minimizar el da\u00f1o. La situaci\u00f3n forz\u00f3 a Milei a retomar la <strong>campa\u00f1a<\/strong> con un mensaje enfocado en la <em>econom\u00eda<\/em> y la <em>seguridad<\/em>, procurando reafirmar los dos ejes centrales de gesti\u00f3n que, seg\u00fan su visi\u00f3n, a\u00fan constituyen el principal capital pol\u00edtico del Gobierno.<\/p>\n\n\n\n<p>En paralelo a la contenci\u00f3n de la crisis pol\u00edtica, el Gobierno avanza con la planificaci\u00f3n de un <strong>relanzamiento del Gabinete<\/strong> post-electoral. Este proceso, conversado con <strong>Mauricio Macri<\/strong>, apunta a fortalecer el equipo y, fundamentalmente, a mejorar la <em>gobernabilidad<\/em> en el segundo tramo del mandato, tal como lo ha diagnosticado el jefe de Gabinete, <strong>Guillermo Francos<\/strong>. Francos, cuya figura se ha visto realzada en los \u00faltimos encuentros presidenciales, ha recibido la tarea de <strong>tender puentes<\/strong> con sectores de la oposici\u00f3n &#8220;dialoguista&#8221; y no dialoguista, buscando el consenso necesario para avanzar con las reformas estructurales pendientes.<\/p>\n\n\n\n<p>Dentro de los posibles <strong>cambios ministeriales<\/strong>, el \u00e1rea de Defensa se perfila como un punto central. Se menciona con insistencia el nombre del jefe del Estado Mayor Conjunto, <strong>Xavier Juli\u00e1n Isaac<\/strong>, una figura de confianza del Presidente con v\u00ednculos estrat\u00e9gicos en Estados Unidos. La discusi\u00f3n interna incluye la posibilidad de anexar la cartera de <strong>Seguridad Nacional<\/strong> a Defensa o nombrar a un civil, aunque en el Gobierno se reconoce la alta sensibilidad del \u00e1rea y la necesidad de una figura con respaldo pol\u00edtico y t\u00e9cnico, con nombres como el de <strong>Cristian Ritondo<\/strong> en danza, a pesar de las resistencias internas en el c\u00edrculo presidencial m\u00e1s estrecho.<\/p>\n\n\n\n<p>Las tensiones se ven amplificadas por los <strong>errores comunicacionales<\/strong> en la gesti\u00f3n del esc\u00e1ndalo Espert, que han sido blanco de cr\u00edticas por parte de los sectores m\u00e1s cercanos a la hermana del Presidente, <strong>Karina Milei<\/strong>. La demora en la respuesta y la falta de una <em>estrategia clara<\/em> en temas sensibles, como el caso Espert y la lucha contra el fentanilo, han generado pases de factura internos y la necesidad de <strong>recalibrar el mensaje<\/strong> para evitar que la narrativa anticorrupci\u00f3n se debilite en la opini\u00f3n p\u00fablica.<\/p>\n\n\n\n<p>El futuro pol\u00edtico del Gobierno, por lo tanto, pende de dos hilos: la capacidad de <strong>limitar el da\u00f1o electoral<\/strong> del &#8220;caso Espert&#8221; y la <strong>efectividad del reordenamiento institucional<\/strong> post-octubre. La b\u00fasqueda de <em>gobernabilidad<\/em> y el relanzamiento de una agenda econ\u00f3mica y de seguridad m\u00e1s pulida ser\u00e1n vitales para enfrentar un Congreso renovado y avanzar con un plan de ajuste y reformas que la oposici\u00f3n, galvanizada por los esc\u00e1ndalos, buscar\u00e1 desafiar con mayor intensidad.<\/p>\n","protected":false},"excerpt":{"rendered":"<p>El presidente Javier Milei relanz\u00f3 su agenda de campa\u00f1a en medio de un clima de estupor interno generado por el &#8220;caso Espert&#8221;, una crisis que ha reavivado las discusiones sobre la \u00e9tica p\u00fablica y el impacto electoral. La decisi\u00f3n del mandatario de respaldar en soledad al diputado Jos\u00e9 Luis Espert, vinculado a un empresario pr\u00f3fugo [&hellip;]<\/p>\n","protected":false},"author":2,"featured_media":12668,"comment_status":"open","ping_status":"open","sticky":false,"template":"","format":"standard","meta":{"footnotes":""},"categories":[26],"tags":[],"class_list":{"0":"post-12660","1":"post","2":"type-post","3":"status-publish","4":"format-standard","5":"has-post-thumbnail","7":"category-nacionales"},"aioseo_notices":[],"_links":{"self":[{"href":"https:\/\/lalupa24.com.ar\/index.php\/wp-json\/wp\/v2\/posts\/12660","targetHints":{"allow":["GET"]}}],"collection":[{"href":"https:\/\/lalupa24.com.ar\/index.php\/wp-json\/wp\/v2\/posts"}],"about":[{"href":"https:\/\/lalupa24.com.ar\/index.php\/wp-json\/wp\/v2\/types\/post"}],"author":[{"embeddable":true,"href":"https:\/\/lalupa24.com.ar\/index.php\/wp-json\/wp\/v2\/users\/2"}],"replies":[{"embeddable":true,"href":"https:\/\/lalupa24.com.ar\/index.php\/wp-json\/wp\/v2\/comments?post=12660"}],"version-history":[{"count":1,"href":"https:\/\/lalupa24.com.ar\/index.php\/wp-json\/wp\/v2\/posts\/12660\/revisions"}],"predecessor-version":[{"id":12669,"href":"https:\/\/lalupa24.com.ar\/index.php\/wp-json\/wp\/v2\/posts\/12660\/revisions\/12669"}],"wp:featuredmedia":[{"embeddable":true,"href":"https:\/\/lalupa24.com.ar\/index.php\/wp-json\/wp\/v2\/media\/12668"}],"wp:attachment":[{"href":"https:\/\/lalupa24.com.ar\/index.php\/wp-json\/wp\/v2\/media?parent=12660"}],"wp:term":[{"taxonomy":"category","embeddable":true,"href":"https:\/\/lalupa24.com.ar\/index.php\/wp-json\/wp\/v2\/categories?post=12660"},{"taxonomy":"post_tag","embeddable":true,"href":"https:\/\/lalupa24.com.ar\/index.php\/wp-json\/wp\/v2\/tags?post=12660"}],"curies":[{"name":"wp","href":"https:\/\/api.w.org\/{rel}","templated":true}]}}