{"id":12674,"date":"2025-10-05T11:11:36","date_gmt":"2025-10-05T14:11:36","guid":{"rendered":"https:\/\/lalupa24.com.ar\/?p=12674"},"modified":"2025-10-05T11:11:37","modified_gmt":"2025-10-05T14:11:37","slug":"estupor-en-el-gobierno-por-el-caso-espert-milei-lo-banco-en-soledad-y-crece-el-temor-por-el-impacto-electoral","status":"publish","type":"post","link":"https:\/\/lalupa24.com.ar\/index.php\/2025\/10\/05\/estupor-en-el-gobierno-por-el-caso-espert-milei-lo-banco-en-soledad-y-crece-el-temor-por-el-impacto-electoral\/","title":{"rendered":"ESTUPOR EN EL GOBIERNO POR EL CASO ESPERT: MILEI LO BANC\u00d3 EN SOLEDAD Y CRECE EL TEMOR POR EL IMPACTO ELECTORAL"},"content":{"rendered":"\n<p>El <strong>&#8220;Caso Espert&#8221;<\/strong> ha generado un clima de <strong>estupor<\/strong> en la c\u00fapula del Gobierno, con la preocupaci\u00f3n centrada en el <strong>impacto electoral<\/strong> que podr\u00eda tener en las pr\u00f3ximas legislativas la defensa singular y p\u00fablica del presidente Javier Milei a <strong>Jos\u00e9 Luis Espert<\/strong>, diputado de La Libertad Avanza (LLA). La revelaci\u00f3n de presuntos v\u00ednculos del legislador con un empresario acusado de narcotr\u00e1fico en Estados Unidos ha reavivado las discusiones sobre la \u00e9tica y la lucha contra el crimen organizado, un pilar de la gesti\u00f3n oficial.<\/p>\n\n\n\n<p>La decisi\u00f3n de Milei de <strong>respaldar a Espert en soledad<\/strong> fue una de las pocas acciones que no cont\u00f3 con el consenso de su c\u00edrculo m\u00e1s \u00edntimo ni de la mesa pol\u00edtica. Aliados clave, como referentes del PRO, han manifestado su descontento con la situaci\u00f3n. La c\u00fapula de LLA teme que el <em>capital pol\u00edtico<\/em> acumulado en materia de seguridad y anticorrupci\u00f3n se vea seriamente comprometido, justo cuando la campa\u00f1a entraba en su etapa decisiva.<\/p>\n\n\n\n<p>El esc\u00e1ndalo se ha magnificado por la propia narrativa de <strong>tolerancia cero<\/strong> contra el narcoterrorismo que promueve el Gobierno. Alt\u00edsimos funcionarios admitieron en <em>off the record<\/em> a medios especializados que el <em>impacto electoral es inevitable<\/em>, afectando especialmente en distritos sensibles donde el mensaje anticorrupci\u00f3n es fundamental. La tensi\u00f3n se increment\u00f3 luego de que la m\u00e1xima figura de la Iglesia Cat\u00f3lica en el pa\u00eds hiciera alusi\u00f3n al concepto de <strong>&#8220;narcoestado&#8221;<\/strong> durante la masiva peregrinaci\u00f3n a Luj\u00e1n.<\/p>\n\n\n\n<p>El hecho tambi\u00e9n dispar\u00f3 una <strong>ola de cr\u00edticas internas<\/strong> dirigidas a los responsables de la comunicaci\u00f3n gubernamental. Se les reprocha la lentitud y la ineficacia para articular una respuesta que contuviera el da\u00f1o. Seg\u00fan voces del entorno presidencial, el manejo de esta crisis, sumado a episodios anteriores, demuestra la necesidad de una <strong>reestructuraci\u00f3n profunda<\/strong> de los equipos que gestionan la imagen y el discurso del Presidente.<\/p>\n\n\n\n<p>La oposici\u00f3n, incluyendo a sectores del peronismo y otras fuerzas, ha aprovechado la coyuntura para reclamar explicaciones y exigir la renuncia de Espert a la presidencia de la Comisi\u00f3n de Presupuesto, un cargo clave. Esto plantea un <strong>escenario complejo en el Congreso<\/strong> post-electoral, donde la oposici\u00f3n buscar\u00e1 capitalizar la debilidad del oficialismo para bloquear o condicionar proyectos legislativos fundamentales.<\/p>\n\n\n\n<p>La administraci\u00f3n de Milei busca ahora <strong>minimizar el da\u00f1o<\/strong> enfocando la campa\u00f1a en la gesti\u00f3n econ\u00f3mica y en los avances en seguridad, esperando que el esc\u00e1ndalo pierda tracci\u00f3n medi\u00e1tica. Sin embargo, el costo pol\u00edtico de haber defendido una figura tan cuestionada en un tema tan sensible podr\u00eda ser un <strong>rev\u00e9s significativo<\/strong> que complique la capacidad del Gobierno para negociar la gobernabilidad en la segunda mitad de su mandato.<\/p>\n\n\n\n<p><\/p>\n","protected":false},"excerpt":{"rendered":"<p>El &#8220;Caso Espert&#8221; ha generado un clima de estupor en la c\u00fapula del Gobierno, con la preocupaci\u00f3n centrada en el impacto electoral que podr\u00eda tener en las pr\u00f3ximas legislativas la defensa singular y p\u00fablica del presidente Javier Milei a Jos\u00e9 Luis Espert, diputado de La Libertad Avanza (LLA). La revelaci\u00f3n de presuntos v\u00ednculos del legislador [&hellip;]<\/p>\n","protected":false},"author":2,"featured_media":12664,"comment_status":"open","ping_status":"open","sticky":false,"template":"","format":"standard","meta":{"footnotes":""},"categories":[26],"tags":[],"class_list":{"0":"post-12674","1":"post","2":"type-post","3":"status-publish","4":"format-standard","5":"has-post-thumbnail","7":"category-nacionales"},"aioseo_notices":[],"_links":{"self":[{"href":"https:\/\/lalupa24.com.ar\/index.php\/wp-json\/wp\/v2\/posts\/12674","targetHints":{"allow":["GET"]}}],"collection":[{"href":"https:\/\/lalupa24.com.ar\/index.php\/wp-json\/wp\/v2\/posts"}],"about":[{"href":"https:\/\/lalupa24.com.ar\/index.php\/wp-json\/wp\/v2\/types\/post"}],"author":[{"embeddable":true,"href":"https:\/\/lalupa24.com.ar\/index.php\/wp-json\/wp\/v2\/users\/2"}],"replies":[{"embeddable":true,"href":"https:\/\/lalupa24.com.ar\/index.php\/wp-json\/wp\/v2\/comments?post=12674"}],"version-history":[{"count":1,"href":"https:\/\/lalupa24.com.ar\/index.php\/wp-json\/wp\/v2\/posts\/12674\/revisions"}],"predecessor-version":[{"id":12675,"href":"https:\/\/lalupa24.com.ar\/index.php\/wp-json\/wp\/v2\/posts\/12674\/revisions\/12675"}],"wp:featuredmedia":[{"embeddable":true,"href":"https:\/\/lalupa24.com.ar\/index.php\/wp-json\/wp\/v2\/media\/12664"}],"wp:attachment":[{"href":"https:\/\/lalupa24.com.ar\/index.php\/wp-json\/wp\/v2\/media?parent=12674"}],"wp:term":[{"taxonomy":"category","embeddable":true,"href":"https:\/\/lalupa24.com.ar\/index.php\/wp-json\/wp\/v2\/categories?post=12674"},{"taxonomy":"post_tag","embeddable":true,"href":"https:\/\/lalupa24.com.ar\/index.php\/wp-json\/wp\/v2\/tags?post=12674"}],"curies":[{"name":"wp","href":"https:\/\/api.w.org\/{rel}","templated":true}]}}