{"id":12693,"date":"2025-10-05T11:19:05","date_gmt":"2025-10-05T14:19:05","guid":{"rendered":"https:\/\/lalupa24.com.ar\/?p=12693"},"modified":"2025-10-05T11:19:06","modified_gmt":"2025-10-05T14:19:06","slug":"brasil-sufre-una-verguenza-historica-tras-la-eliminacion-en-el-mundial-sub-20-la-peor-campana-de-su-historia-desata-duras-criticas","status":"publish","type":"post","link":"https:\/\/lalupa24.com.ar\/index.php\/2025\/10\/05\/brasil-sufre-una-verguenza-historica-tras-la-eliminacion-en-el-mundial-sub-20-la-peor-campana-de-su-historia-desata-duras-criticas\/","title":{"rendered":"BRASIL SUFRE UNA &#8220;VERG\u00dcENZA HIST\u00d3RICA&#8221; TRAS LA ELIMINACI\u00d3N EN EL MUNDIAL SUB-20: LA PEOR CAMPA\u00d1A DE SU HISTORIA DESATA DURAS CR\u00cdTICAS"},"content":{"rendered":"\n<p>La inesperada y temprana <strong>eliminaci\u00f3n de Brasil<\/strong> en el Mundial Sub-20 de Chile ha desatado una ola de <strong>cr\u00edticas feroces<\/strong> y un sentimiento de &#8220;verg\u00fcenza hist\u00f3rica&#8221; en los medios y la afici\u00f3n del gigante sudamericano. El pentacampe\u00f3n del mundo en la categor\u00eda complet\u00f3 su <strong>peor campa\u00f1a<\/strong> desde la creaci\u00f3n del torneo, un fracaso que va m\u00e1s all\u00e1 de lo deportivo y pone en tela de juicio el sistema de formaci\u00f3n de talentos de la Confederaci\u00f3n Brasile\u00f1a de F\u00fatbol (CBF).<\/p>\n\n\n\n<p>La <em>Sele\u00e7\u00e3o<\/em> no logr\u00f3 superar la fase de grupos, un hito negativo que no registraba en su palmar\u00e9s mundialista juvenil y que contrasta dr\u00e1sticamente con su habitual dominio en la categor\u00eda. Este desempe\u00f1o se percibe como una <strong>crisis estructural<\/strong> en el f\u00fatbol brasile\u00f1o, que tradicionalmente ha sido una factor\u00eda inagotable de jugadores, pero que ahora parece enfrentar serios problemas en la transici\u00f3n de talentos a nivel internacional.<\/p>\n\n\n\n<p>Los principales diarios de Brasil no escatimaron en calificar la actuaci\u00f3n como un &#8220;papel\u00f3n&#8221; y un &#8220;desastre sin precedentes&#8221;. El an\u00e1lisis de la prensa especializada apunta a la <strong>falta de jerarqu\u00eda<\/strong> en el plantel, los <strong>errores t\u00e1cticos<\/strong> de la direcci\u00f3n t\u00e9cnica y una preocupante <strong>ausencia de car\u00e1cter<\/strong> en momentos clave de los partidos. La generaci\u00f3n actual de la Sub-20 no logr\u00f3 proyectar el peso de la camiseta, un factor que hist\u00f3ricamente ha sido un activo fundamental para Brasil.<\/p>\n\n\n\n<p>La repercusi\u00f3n de este fracaso tiene implicancias directas en la <strong>planificaci\u00f3n futura<\/strong> de la CBF. Se espera una profunda revisi\u00f3n de la estructura t\u00e9cnica de las selecciones juveniles, as\u00ed como del proceso de captaci\u00f3n y desarrollo de los futbolistas. Este resultado pone presi\u00f3n sobre la c\u00fapula de la Confederaci\u00f3n para rendir cuentas sobre las inversiones y el m\u00e9todo de trabajo que se implementa en las categor\u00edas formativas.<\/p>\n\n\n\n<p>Seg\u00fan el consenso de los comentaristas deportivos brasile\u00f1os, la <strong>falta de competitividad<\/strong> de la Sub-20 es un s\u00edntoma de problemas m\u00e1s profundos en la liga local y en la gesti\u00f3n de las j\u00f3venes promesas. Muchos jugadores son exportados prematuramente o enfrentan una sobreexigencia que obstaculiza su crecimiento integral, dejando a la selecci\u00f3n juvenil con un nivel por debajo de su potencial hist\u00f3rico.<\/p>\n\n\n\n<p>La tarea de la CBF ahora ser\u00e1 <strong>reconstruir la credibilidad<\/strong> y el proyecto deportivo de sus divisiones inferiores. Este rev\u00e9s en Chile obliga a un <em>mea culpa<\/em> institucional y a la implementaci\u00f3n urgente de medidas que permitan recuperar el est\u00e1ndar de calidad que caracteriz\u00f3 al f\u00fatbol base de Brasil, garantizando que la pr\u00f3xima generaci\u00f3n no repita la &#8220;vergonzosa&#8221; experiencia de la peor campa\u00f1a mundialista.<\/p>\n","protected":false},"excerpt":{"rendered":"<p>La inesperada y temprana eliminaci\u00f3n de Brasil en el Mundial Sub-20 de Chile ha desatado una ola de cr\u00edticas feroces y un sentimiento de &#8220;verg\u00fcenza hist\u00f3rica&#8221; en los medios y la afici\u00f3n del gigante sudamericano. El pentacampe\u00f3n del mundo en la categor\u00eda complet\u00f3 su peor campa\u00f1a desde la creaci\u00f3n del torneo, un fracaso que va [&hellip;]<\/p>\n","protected":false},"author":2,"featured_media":12690,"comment_status":"open","ping_status":"open","sticky":false,"template":"","format":"standard","meta":{"footnotes":""},"categories":[100],"tags":[],"class_list":{"0":"post-12693","1":"post","2":"type-post","3":"status-publish","4":"format-standard","5":"has-post-thumbnail","7":"category-deportes"},"aioseo_notices":[],"_links":{"self":[{"href":"https:\/\/lalupa24.com.ar\/index.php\/wp-json\/wp\/v2\/posts\/12693","targetHints":{"allow":["GET"]}}],"collection":[{"href":"https:\/\/lalupa24.com.ar\/index.php\/wp-json\/wp\/v2\/posts"}],"about":[{"href":"https:\/\/lalupa24.com.ar\/index.php\/wp-json\/wp\/v2\/types\/post"}],"author":[{"embeddable":true,"href":"https:\/\/lalupa24.com.ar\/index.php\/wp-json\/wp\/v2\/users\/2"}],"replies":[{"embeddable":true,"href":"https:\/\/lalupa24.com.ar\/index.php\/wp-json\/wp\/v2\/comments?post=12693"}],"version-history":[{"count":1,"href":"https:\/\/lalupa24.com.ar\/index.php\/wp-json\/wp\/v2\/posts\/12693\/revisions"}],"predecessor-version":[{"id":12694,"href":"https:\/\/lalupa24.com.ar\/index.php\/wp-json\/wp\/v2\/posts\/12693\/revisions\/12694"}],"wp:featuredmedia":[{"embeddable":true,"href":"https:\/\/lalupa24.com.ar\/index.php\/wp-json\/wp\/v2\/media\/12690"}],"wp:attachment":[{"href":"https:\/\/lalupa24.com.ar\/index.php\/wp-json\/wp\/v2\/media?parent=12693"}],"wp:term":[{"taxonomy":"category","embeddable":true,"href":"https:\/\/lalupa24.com.ar\/index.php\/wp-json\/wp\/v2\/categories?post=12693"},{"taxonomy":"post_tag","embeddable":true,"href":"https:\/\/lalupa24.com.ar\/index.php\/wp-json\/wp\/v2\/tags?post=12693"}],"curies":[{"name":"wp","href":"https:\/\/api.w.org\/{rel}","templated":true}]}}