{"id":12695,"date":"2025-10-05T11:19:29","date_gmt":"2025-10-05T14:19:29","guid":{"rendered":"https:\/\/lalupa24.com.ar\/?p=12695"},"modified":"2025-10-05T11:19:30","modified_gmt":"2025-10-05T14:19:30","slug":"kicillof-busca-contener-la-interna-peronista-y-perfila-un-discurso-nacional-mientras-el-pj-intenta-capitalizar-el-caso-espert","status":"publish","type":"post","link":"https:\/\/lalupa24.com.ar\/index.php\/2025\/10\/05\/kicillof-busca-contener-la-interna-peronista-y-perfila-un-discurso-nacional-mientras-el-pj-intenta-capitalizar-el-caso-espert\/","title":{"rendered":"KICILLOF BUSCA CONTENER LA INTERNA PERONISTA Y PERFILA UN DISCURSO NACIONAL MIENTRAS EL PJ INTENTA CAPITALIZAR EL CASO ESPERT"},"content":{"rendered":"\n<p>El gobernador de la Provincia de Buenos Aires, <strong>Axel Kicillof<\/strong>, ha intensificado sus movimientos pol\u00edticos con un doble objetivo: <strong>contener la efervescencia de la interna peronista<\/strong> y, simult\u00e1neamente, perfilarse con un <strong>discurso de alcance nacional<\/strong> de cara a las pr\u00f3ximas elecciones. Este esfuerzo de consolidaci\u00f3n coincide con la estrategia del Partido Justicialista (PJ) de <strong>capitalizar el &#8220;Caso Espert&#8221;<\/strong> como un elemento de desgaste contra el Gobierno nacional.<\/p>\n\n\n\n<p>La tensi\u00f3n interna en el peronismo bonaerense se ha exacerbado por los resultados electorales recientes y la definici\u00f3n de candidaturas. Kicillof, considerado el principal referente de la oposici\u00f3n a nivel provincial, busca evitar fisuras que comprometan la unidad electoral. Su estrategia pasa por <strong>reforzar la gesti\u00f3n provincial<\/strong> y mostrar una imagen de <strong>liderazgo unificado<\/strong>, al tiempo que despliega una ret\u00f3rica cr\u00edtica contra las pol\u00edticas de ajuste del Gobierno central.<\/p>\n\n\n\n<p>En este marco, la c\u00fapula del PJ ha instruido a sus referentes a explotar al m\u00e1ximo el esc\u00e1ndalo que involucra al diputado Jos\u00e9 Luis Espert y su respaldo por parte del presidente Javier Milei. La narrativa opositora se centra en se\u00f1alar una <strong>doble vara moral<\/strong> del oficialismo en su lucha contra la corrupci\u00f3n y el narcotr\u00e1fico, buscando erosionar uno de los principales capitales pol\u00edticos de La Libertad Avanza (LLA) de cara a la ciudadan\u00eda.<\/p>\n\n\n\n<p>Fuentes del justicialismo se\u00f1alan que el objetivo no es solo la cr\u00edtica coyuntural, sino <strong>reposicionar al peronismo<\/strong> como garante de la \u00e9tica p\u00fablica y de la defensa de los intereses nacionales. Kicillof, en particular, ha comenzado a sumar a su discurso la denuncia de un <strong>&#8220;modelo de ajuste y entrega&#8221;<\/strong> que trasciende la provincia, apuntando directamente a la macroeconom\u00eda y a la soberan\u00eda, en un intento de expandir su plataforma pol\u00edtica m\u00e1s all\u00e1 de la arena bonaerense.<\/p>\n\n\n\n<p>El gobernador, considerado por analistas como uno de los activos m\u00e1s s\u00f3lidos del peronismo para el futuro, est\u00e1 manejando con cautela su v\u00ednculo con las distintas facciones internas. El desaf\u00edo es <strong>mantener la cohesi\u00f3n<\/strong> entre el kirchnerismo duro, el progresismo y los sectores m\u00e1s tradicionales del PJ, una tarea compleja en un contexto de recomposici\u00f3n pol\u00edtica y ante la presi\u00f3n de los intendentes, que son actores clave en el armado territorial.<\/p>\n\n\n\n<p>La convergencia de la <strong>presi\u00f3n interna<\/strong> y la <strong>ventana de oportunidad<\/strong> generada por el esc\u00e1ndalo Espert obliga a Kicillof a un delicado equilibrio. Su capacidad para transformarse en un articulador nacional, manteniendo la base provincial y evitando la implosi\u00f3n de la interna, ser\u00e1 determinante para el futuro del peronismo y su rol en la oposici\u00f3n al Gobierno de Milei en el mediano plazo.<\/p>\n","protected":false},"excerpt":{"rendered":"<p>El gobernador de la Provincia de Buenos Aires, Axel Kicillof, ha intensificado sus movimientos pol\u00edticos con un doble objetivo: contener la efervescencia de la interna peronista y, simult\u00e1neamente, perfilarse con un discurso de alcance nacional de cara a las pr\u00f3ximas elecciones. Este esfuerzo de consolidaci\u00f3n coincide con la estrategia del Partido Justicialista (PJ) de capitalizar [&hellip;]<\/p>\n","protected":false},"author":2,"featured_media":12689,"comment_status":"open","ping_status":"open","sticky":false,"template":"","format":"standard","meta":{"footnotes":""},"categories":[26],"tags":[],"class_list":{"0":"post-12695","1":"post","2":"type-post","3":"status-publish","4":"format-standard","5":"has-post-thumbnail","7":"category-nacionales"},"aioseo_notices":[],"_links":{"self":[{"href":"https:\/\/lalupa24.com.ar\/index.php\/wp-json\/wp\/v2\/posts\/12695","targetHints":{"allow":["GET"]}}],"collection":[{"href":"https:\/\/lalupa24.com.ar\/index.php\/wp-json\/wp\/v2\/posts"}],"about":[{"href":"https:\/\/lalupa24.com.ar\/index.php\/wp-json\/wp\/v2\/types\/post"}],"author":[{"embeddable":true,"href":"https:\/\/lalupa24.com.ar\/index.php\/wp-json\/wp\/v2\/users\/2"}],"replies":[{"embeddable":true,"href":"https:\/\/lalupa24.com.ar\/index.php\/wp-json\/wp\/v2\/comments?post=12695"}],"version-history":[{"count":1,"href":"https:\/\/lalupa24.com.ar\/index.php\/wp-json\/wp\/v2\/posts\/12695\/revisions"}],"predecessor-version":[{"id":12696,"href":"https:\/\/lalupa24.com.ar\/index.php\/wp-json\/wp\/v2\/posts\/12695\/revisions\/12696"}],"wp:featuredmedia":[{"embeddable":true,"href":"https:\/\/lalupa24.com.ar\/index.php\/wp-json\/wp\/v2\/media\/12689"}],"wp:attachment":[{"href":"https:\/\/lalupa24.com.ar\/index.php\/wp-json\/wp\/v2\/media?parent=12695"}],"wp:term":[{"taxonomy":"category","embeddable":true,"href":"https:\/\/lalupa24.com.ar\/index.php\/wp-json\/wp\/v2\/categories?post=12695"},{"taxonomy":"post_tag","embeddable":true,"href":"https:\/\/lalupa24.com.ar\/index.php\/wp-json\/wp\/v2\/tags?post=12695"}],"curies":[{"name":"wp","href":"https:\/\/api.w.org\/{rel}","templated":true}]}}