{"id":12697,"date":"2025-10-05T11:19:54","date_gmt":"2025-10-05T14:19:54","guid":{"rendered":"https:\/\/lalupa24.com.ar\/?p=12697"},"modified":"2025-10-05T11:19:55","modified_gmt":"2025-10-05T14:19:55","slug":"el-papa-leon-xiv-condena-el-auge-del-odio-antisemita-y-elogia-las-negociaciones-para-poner-fin-a-la-guerra-en-gaza","status":"publish","type":"post","link":"https:\/\/lalupa24.com.ar\/index.php\/2025\/10\/05\/el-papa-leon-xiv-condena-el-auge-del-odio-antisemita-y-elogia-las-negociaciones-para-poner-fin-a-la-guerra-en-gaza\/","title":{"rendered":"EL PAPA LE\u00d3N XIV CONDENA EL AUGE DEL ODIO ANTISEMITA Y ELOGIA LAS NEGOCIACIONES PARA PONER FIN A LA GUERRA EN GAZA"},"content":{"rendered":"\n<p>Desde el Vaticano, el <strong>Papa Le\u00f3n XIV<\/strong> emiti\u00f3 una contundente condena al <strong>auge del odio antisemita<\/strong> a nivel global, calificando estos actos como una &#8220;plaga moral&#8221; incompatible con los principios de la dignidad humana y el di\u00e1logo interreligioso. El pronunciamiento del Sumo Pont\u00edfice se produce en un contexto de fuerte escalada de tensiones en diversas partes del mundo, donde los conflictos geopol\u00edticos han exacerbado los sentimientos de intolerancia y discriminaci\u00f3n.<\/p>\n\n\n\n<p>El l\u00edder de la Iglesia Cat\u00f3lica enfatiz\u00f3 que el antisemitismo es una <strong>forma de barbarie<\/strong> que debe ser erradicada mediante la educaci\u00f3n y el compromiso de todas las instituciones. Su mensaje fue un llamado a la <strong>unidad y a la fraternidad<\/strong>, recordando la ense\u00f1anza milenaria de la Iglesia sobre la conexi\u00f3n espiritual con el pueblo jud\u00edo y la necesidad de respeto mutuo entre las religiones abrah\u00e1micas.<\/p>\n\n\n\n<p>En el mismo discurso, el Papa tambi\u00e9n dedic\u00f3 una secci\u00f3n crucial a la situaci\u00f3n en Oriente Medio, valorando positivamente la reanudaci\u00f3n de las <strong>negociaciones diplom\u00e1ticas<\/strong> orientadas a lograr un cese al fuego definitivo en la <strong>Guerra en Gaza<\/strong>. Le\u00f3n XIV destac\u00f3 que el di\u00e1logo, por dif\u00edcil que sea, es el <strong>\u00fanico camino viable<\/strong> para alcanzar una paz duradera que ponga fin al sufrimiento de la poblaci\u00f3n civil, tanto israel\u00ed como palestina.<\/p>\n\n\n\n<p>Seg\u00fan expertos en pol\u00edtica vaticana, el doble mensaje del Papa busca <strong>equilibrar la postura moral y la diplom\u00e1tica<\/strong> de la Santa Sede. La condena al antisemitismo atiende a una preocupaci\u00f3n global inmediata, mientras que el respaldo a las negociaciones subraya el papel hist\u00f3rico del Vaticano como <strong>facilitador de paz<\/strong> y su constante llamado a la soluci\u00f3n de dos Estados, conforme a las resoluciones internacionales.<\/p>\n\n\n\n<p>La diplomacia vaticana ha mantenido contactos discretos pero constantes con las partes involucradas y los mediadores internacionales. El elogio del Papa a las conversaciones en curso se interpreta como un <strong>impulso moral<\/strong> a los actores que est\u00e1n trabajando en la mesa de negociaci\u00f3n, record\u00e1ndoles la <strong>responsabilidad hist\u00f3rica<\/strong> de detener la crisis humanitaria y sentar las bases para una coexistencia pac\u00edfica en la regi\u00f3n.<\/p>\n\n\n\n<p>El impacto del mensaje papal resuena en las capitales del mundo, especialmente en un momento en que la polarizaci\u00f3n amenaza con descarrilar los esfuerzos por la paz. La voz de Le\u00f3n XIV se consolida como una de las pocas <strong>autoridades morales universales<\/strong> capaces de unir la condena a la intolerancia con la promoci\u00f3n activa del di\u00e1logo, dejando claro que no puede haber paz sin justicia y respeto por la dignidad de cada persona.<\/p>\n","protected":false},"excerpt":{"rendered":"<p>Desde el Vaticano, el Papa Le\u00f3n XIV emiti\u00f3 una contundente condena al auge del odio antisemita a nivel global, calificando estos actos como una &#8220;plaga moral&#8221; incompatible con los principios de la dignidad humana y el di\u00e1logo interreligioso. El pronunciamiento del Sumo Pont\u00edfice se produce en un contexto de fuerte escalada de tensiones en diversas [&hellip;]<\/p>\n","protected":false},"author":2,"featured_media":12688,"comment_status":"open","ping_status":"open","sticky":false,"template":"","format":"standard","meta":{"footnotes":""},"categories":[25],"tags":[],"class_list":{"0":"post-12697","1":"post","2":"type-post","3":"status-publish","4":"format-standard","5":"has-post-thumbnail","7":"category-internacionales"},"aioseo_notices":[],"_links":{"self":[{"href":"https:\/\/lalupa24.com.ar\/index.php\/wp-json\/wp\/v2\/posts\/12697","targetHints":{"allow":["GET"]}}],"collection":[{"href":"https:\/\/lalupa24.com.ar\/index.php\/wp-json\/wp\/v2\/posts"}],"about":[{"href":"https:\/\/lalupa24.com.ar\/index.php\/wp-json\/wp\/v2\/types\/post"}],"author":[{"embeddable":true,"href":"https:\/\/lalupa24.com.ar\/index.php\/wp-json\/wp\/v2\/users\/2"}],"replies":[{"embeddable":true,"href":"https:\/\/lalupa24.com.ar\/index.php\/wp-json\/wp\/v2\/comments?post=12697"}],"version-history":[{"count":1,"href":"https:\/\/lalupa24.com.ar\/index.php\/wp-json\/wp\/v2\/posts\/12697\/revisions"}],"predecessor-version":[{"id":12698,"href":"https:\/\/lalupa24.com.ar\/index.php\/wp-json\/wp\/v2\/posts\/12697\/revisions\/12698"}],"wp:featuredmedia":[{"embeddable":true,"href":"https:\/\/lalupa24.com.ar\/index.php\/wp-json\/wp\/v2\/media\/12688"}],"wp:attachment":[{"href":"https:\/\/lalupa24.com.ar\/index.php\/wp-json\/wp\/v2\/media?parent=12697"}],"wp:term":[{"taxonomy":"category","embeddable":true,"href":"https:\/\/lalupa24.com.ar\/index.php\/wp-json\/wp\/v2\/categories?post=12697"},{"taxonomy":"post_tag","embeddable":true,"href":"https:\/\/lalupa24.com.ar\/index.php\/wp-json\/wp\/v2\/tags?post=12697"}],"curies":[{"name":"wp","href":"https:\/\/api.w.org\/{rel}","templated":true}]}}