{"id":12707,"date":"2025-10-05T11:23:05","date_gmt":"2025-10-05T14:23:05","guid":{"rendered":"https:\/\/lalupa24.com.ar\/?p=12707"},"modified":"2025-10-05T11:23:06","modified_gmt":"2025-10-05T14:23:06","slug":"salta-envian-a-juicio-a-un-hombre-acusado-de-captar-jovenes-con-falsas-ofertas-laborales-y-someterlos-a-explotacion-laboral","status":"publish","type":"post","link":"https:\/\/lalupa24.com.ar\/index.php\/2025\/10\/05\/salta-envian-a-juicio-a-un-hombre-acusado-de-captar-jovenes-con-falsas-ofertas-laborales-y-someterlos-a-explotacion-laboral\/","title":{"rendered":"SALTA: ENVIAN A JUICIO A UN HOMBRE ACUSADO DE CAPTAR J\u00d3VENES CON FALSAS OFERTAS LABORALES Y SOMETERLOS A EXPLOTACI\u00d3N LABORAL"},"content":{"rendered":"\n<p>Un tribunal de la provincia de <strong>Salta<\/strong> resolvi\u00f3 elevar a <strong>juicio oral<\/strong> la causa contra un hombre acusado de liderar una red de <strong>captaci\u00f3n de j\u00f3venes con falsas promesas laborales<\/strong> para luego someterlos a situaciones de <strong>explotaci\u00f3n laboral<\/strong>. Este proceso judicial de alto impacto social pone en evidencia la persistencia del delito de <strong>trata de personas<\/strong> con fines de explotaci\u00f3n en el \u00e1mbito laboral, un flagelo que afecta a las poblaciones m\u00e1s vulnerables del norte argentino.<\/p>\n\n\n\n<p>La acusaci\u00f3n detalla que el imputado utilizaba <strong>ofertas de trabajo ficticias<\/strong> y condiciones seductoras para atraer a j\u00f3venes, en su mayor\u00eda provenientes de contextos econ\u00f3micos desfavorables, con la promesa de empleo digno en actividades agropecuarias o de servicios. Una vez captados y trasladados, las v\u00edctimas eran obligadas a trabajar en <strong>condiciones infrahumanas<\/strong>, con jornadas extenuantes, salarios irrisorios o nulos, y bajo un estricto control que imped\u00eda su escape.<\/p>\n\n\n\n<p>Este caso, tramitado ante la justicia federal, subraya la complejidad de investigar y probar los delitos de trata y explotaci\u00f3n, que a menudo operan en la clandestinidad y se aprovechan de las <strong>necesidades econ\u00f3micas extremas<\/strong> de las v\u00edctimas. La Fiscal\u00eda ha logrado recopilar pruebas testimoniales y documentales que confirman la situaci\u00f3n de <strong>vulnerabilidad<\/strong> y la sistem\u00e1tica violaci\u00f3n de los derechos humanos y laborales de los j\u00f3venes damnificados.<\/p>\n\n\n\n<p>Organizaciones no gubernamentales especializadas en la lucha contra la trata de personas han destacado la importancia de que este tipo de causas lleguen a juicio, ya que env\u00edan un <strong>mensaje disuasorio<\/strong> a quienes intentan operar bajo la impunidad. Seg\u00fan informes de la Secretar\u00eda de Derechos Humanos, la explotaci\u00f3n laboral sigue siendo la <strong>segunda modalidad m\u00e1s frecuente<\/strong> de trata en Argentina, superada solo por la explotaci\u00f3n sexual.<\/p>\n\n\n\n<p>El proceso de debate oral y p\u00fablico, que se llevar\u00e1 a cabo en los pr\u00f3ximos meses, no solo buscar\u00e1 la condena del principal acusado, sino tambi\u00e9n <strong>visibilizar la problem\u00e1tica estructural<\/strong> que permite la subsistencia de estas redes de esclavitud moderna. Se espera que el juicio arroje luz sobre la cadena de responsabilidades y la posible existencia de otros c\u00f3mplices en la captaci\u00f3n y traslado de las v\u00edctimas.<\/p>\n\n\n\n<p>La resoluci\u00f3n de elevar la causa a juicio representa un avance significativo en la lucha contra los delitos de lesa humanidad. La sentencia que se dicte servir\u00e1 como <strong>precedente judicial<\/strong> crucial para fortalecer la aplicaci\u00f3n de la Ley de Trata y para reafirmar el compromiso del Estado con la protecci\u00f3n de los derechos de los j\u00f3venes rurales y urbanos que son blanco de estas estructuras criminales.<\/p>\n","protected":false},"excerpt":{"rendered":"<p>Un tribunal de la provincia de Salta resolvi\u00f3 elevar a juicio oral la causa contra un hombre acusado de liderar una red de captaci\u00f3n de j\u00f3venes con falsas promesas laborales para luego someterlos a situaciones de explotaci\u00f3n laboral. Este proceso judicial de alto impacto social pone en evidencia la persistencia del delito de trata de [&hellip;]<\/p>\n","protected":false},"author":2,"featured_media":12683,"comment_status":"open","ping_status":"open","sticky":false,"template":"","format":"standard","meta":{"footnotes":""},"categories":[26],"tags":[],"class_list":{"0":"post-12707","1":"post","2":"type-post","3":"status-publish","4":"format-standard","5":"has-post-thumbnail","7":"category-nacionales"},"aioseo_notices":[],"_links":{"self":[{"href":"https:\/\/lalupa24.com.ar\/index.php\/wp-json\/wp\/v2\/posts\/12707","targetHints":{"allow":["GET"]}}],"collection":[{"href":"https:\/\/lalupa24.com.ar\/index.php\/wp-json\/wp\/v2\/posts"}],"about":[{"href":"https:\/\/lalupa24.com.ar\/index.php\/wp-json\/wp\/v2\/types\/post"}],"author":[{"embeddable":true,"href":"https:\/\/lalupa24.com.ar\/index.php\/wp-json\/wp\/v2\/users\/2"}],"replies":[{"embeddable":true,"href":"https:\/\/lalupa24.com.ar\/index.php\/wp-json\/wp\/v2\/comments?post=12707"}],"version-history":[{"count":1,"href":"https:\/\/lalupa24.com.ar\/index.php\/wp-json\/wp\/v2\/posts\/12707\/revisions"}],"predecessor-version":[{"id":12708,"href":"https:\/\/lalupa24.com.ar\/index.php\/wp-json\/wp\/v2\/posts\/12707\/revisions\/12708"}],"wp:featuredmedia":[{"embeddable":true,"href":"https:\/\/lalupa24.com.ar\/index.php\/wp-json\/wp\/v2\/media\/12683"}],"wp:attachment":[{"href":"https:\/\/lalupa24.com.ar\/index.php\/wp-json\/wp\/v2\/media?parent=12707"}],"wp:term":[{"taxonomy":"category","embeddable":true,"href":"https:\/\/lalupa24.com.ar\/index.php\/wp-json\/wp\/v2\/categories?post=12707"},{"taxonomy":"post_tag","embeddable":true,"href":"https:\/\/lalupa24.com.ar\/index.php\/wp-json\/wp\/v2\/tags?post=12707"}],"curies":[{"name":"wp","href":"https:\/\/api.w.org\/{rel}","templated":true}]}}