{"id":12718,"date":"2025-10-05T11:31:38","date_gmt":"2025-10-05T14:31:38","guid":{"rendered":"https:\/\/lalupa24.com.ar\/?p=12718"},"modified":"2025-10-05T11:31:39","modified_gmt":"2025-10-05T14:31:39","slug":"charata-cumplio-111-anos-el-gobernador-leandro-zdero-reafirmo-el-compromiso-de-infraestructura-educativa-y-desarrollo","status":"publish","type":"post","link":"https:\/\/lalupa24.com.ar\/index.php\/2025\/10\/05\/charata-cumplio-111-anos-el-gobernador-leandro-zdero-reafirmo-el-compromiso-de-infraestructura-educativa-y-desarrollo\/","title":{"rendered":"CHARATA CUMPLI\u00d3 111 A\u00d1OS: EL GOBERNADOR LEANDRO ZDERO REAFIRM\u00d3 EL COMPROMISO DE INFRAESTRUCTURA EDUCATIVA Y DESARROLLO"},"content":{"rendered":"\n<p>La localidad de Charata, una de las principales plazas productivas del sudoeste chaque\u00f1o, celebr\u00f3 su <strong>111\u00b0 aniversario<\/strong> con un acto central que cont\u00f3 con la presencia del gobernador <strong>Leandro Zdero<\/strong>, quien utiliz\u00f3 la plataforma para ratificar el acompa\u00f1amiento del Estado provincial en \u00e1reas clave de desarrollo. La participaci\u00f3n del primer mandatario en esta conmemoraci\u00f3n no solo subraya el valor hist\u00f3rico y cultural de la ciudad, sino que tambi\u00e9n se\u00f1ala la centralidad de Charata en la agenda de gesti\u00f3n, particularmente en el impulso de la <strong>infraestructura educativa<\/strong> y el est\u00edmulo a las econom\u00edas regionales.<\/p>\n\n\n\n<p>Durante su alocuci\u00f3n, el gobernador Zdero enfatiz\u00f3 que &#8220;Este Gobierno seguir\u00e1 acompa\u00f1ando a Charata para que contin\u00fae brillando&#8221;, frase que contextualiza una serie de gestiones recientes enfocadas en subsanar deudas hist\u00f3ricas en el municipio. Este compromiso se traduce en acciones concretas, como la reciente inauguraci\u00f3n del Anexo 2 de la Escuela Primaria N\u00b0170, una obra que estuvo paralizada desde 2012 y cuyo abandono se extendi\u00f3 por m\u00e1s de una d\u00e9cada.<\/p>\n\n\n\n<p>La reactivaci\u00f3n de obras como la mencionada escuela y la supervisi\u00f3n del avance de la Escuela de Educaci\u00f3n Especial N\u00b0 19 \u201cNaum Kohanoff\u201d reflejan una estrategia de gesti\u00f3n que prioriza la resoluci\u00f3n de proyectos heredados y la mejora de las condiciones pedag\u00f3gicas. Seg\u00fan fuentes del Ministerio de Educaci\u00f3n provincial, la intervenci\u00f3n en la EEP N\u00b0170 incluy\u00f3 la terminaci\u00f3n de aulas, n\u00facleos sanitarios y la colocaci\u00f3n de equipamiento nuevo, resolviendo una situaci\u00f3n que incluso hab\u00eda sido judicializada.<\/p>\n\n\n\n<p>El rol de Charata es crucial para el <strong>desarrollo econ\u00f3mico<\/strong> del Chaco, siendo un nodo agr\u00edcola fundamental en la regi\u00f3n. El crecimiento y la modernizaci\u00f3n de su infraestructura, especialmente la educativa, se consideran palancas esenciales para el capital humano futuro. Expertos en desarrollo territorial de la regi\u00f3n sugieren que invertir en estas comunidades alejadas no es solo una cuesti\u00f3n social, sino una necesidad estrat\u00e9gica para diversificar la matriz productiva y fijar poblaci\u00f3n joven.<\/p>\n\n\n\n<p>El acompa\u00f1amiento del gobierno en estas celebraciones y la focalizaci\u00f3n en la obra p\u00fablica local env\u00edan una se\u00f1al pol\u00edtica de apoyo a la gesti\u00f3n del intendente <strong>Rub\u00e9n Rach<\/strong>, independientemente de las diferencias partidarias hist\u00f3ricas. Este enfoque en la colaboraci\u00f3n institucional es clave para destrabar proyectos de larga data que, como el de la Escuela N\u00b0170, hab\u00edan quedado estancados por inconvenientes burocr\u00e1ticos y la falta de articulaci\u00f3n intergubernamental.<\/p>\n\n\n\n<p>De cara al futuro, la agenda en Charata prev\u00e9 la finalizaci\u00f3n de la Escuela de Educaci\u00f3n Especial N\u00b0 19 antes de fin de a\u00f1o, seg\u00fan los plazos supervisados por las autoridades provinciales. Este hito no solo saldar\u00e1 otra deuda de infraestructura social, sino que tambi\u00e9n consolidar\u00e1 la visi\u00f3n de un Estado presente en el interior, con el objetivo de que el progreso y la calidad de vida de los habitantes de esta emblem\u00e1tica ciudad contin\u00faen en una senda de crecimiento sostenido.<\/p>\n","protected":false},"excerpt":{"rendered":"<p>La localidad de Charata, una de las principales plazas productivas del sudoeste chaque\u00f1o, celebr\u00f3 su 111\u00b0 aniversario con un acto central que cont\u00f3 con la presencia del gobernador Leandro Zdero, quien utiliz\u00f3 la plataforma para ratificar el acompa\u00f1amiento del Estado provincial en \u00e1reas clave de desarrollo. La participaci\u00f3n del primer mandatario en esta conmemoraci\u00f3n no [&hellip;]<\/p>\n","protected":false},"author":2,"featured_media":12723,"comment_status":"open","ping_status":"open","sticky":false,"template":"","format":"standard","meta":{"footnotes":""},"categories":[28],"tags":[],"class_list":{"0":"post-12718","1":"post","2":"type-post","3":"status-publish","4":"format-standard","5":"has-post-thumbnail","7":"category-locales"},"aioseo_notices":[],"_links":{"self":[{"href":"https:\/\/lalupa24.com.ar\/index.php\/wp-json\/wp\/v2\/posts\/12718","targetHints":{"allow":["GET"]}}],"collection":[{"href":"https:\/\/lalupa24.com.ar\/index.php\/wp-json\/wp\/v2\/posts"}],"about":[{"href":"https:\/\/lalupa24.com.ar\/index.php\/wp-json\/wp\/v2\/types\/post"}],"author":[{"embeddable":true,"href":"https:\/\/lalupa24.com.ar\/index.php\/wp-json\/wp\/v2\/users\/2"}],"replies":[{"embeddable":true,"href":"https:\/\/lalupa24.com.ar\/index.php\/wp-json\/wp\/v2\/comments?post=12718"}],"version-history":[{"count":1,"href":"https:\/\/lalupa24.com.ar\/index.php\/wp-json\/wp\/v2\/posts\/12718\/revisions"}],"predecessor-version":[{"id":12724,"href":"https:\/\/lalupa24.com.ar\/index.php\/wp-json\/wp\/v2\/posts\/12718\/revisions\/12724"}],"wp:featuredmedia":[{"embeddable":true,"href":"https:\/\/lalupa24.com.ar\/index.php\/wp-json\/wp\/v2\/media\/12723"}],"wp:attachment":[{"href":"https:\/\/lalupa24.com.ar\/index.php\/wp-json\/wp\/v2\/media?parent=12718"}],"wp:term":[{"taxonomy":"category","embeddable":true,"href":"https:\/\/lalupa24.com.ar\/index.php\/wp-json\/wp\/v2\/categories?post=12718"},{"taxonomy":"post_tag","embeddable":true,"href":"https:\/\/lalupa24.com.ar\/index.php\/wp-json\/wp\/v2\/tags?post=12718"}],"curies":[{"name":"wp","href":"https:\/\/api.w.org\/{rel}","templated":true}]}}