{"id":12725,"date":"2025-10-05T11:32:18","date_gmt":"2025-10-05T14:32:18","guid":{"rendered":"https:\/\/lalupa24.com.ar\/?p=12725"},"modified":"2025-10-05T11:32:19","modified_gmt":"2025-10-05T14:32:19","slug":"cuarenta-anos-de-fortin-belgrano-el-gobierno-chaqueno-reafirma-su-presencia-en-el-impenetrable","status":"publish","type":"post","link":"https:\/\/lalupa24.com.ar\/index.php\/2025\/10\/05\/cuarenta-anos-de-fortin-belgrano-el-gobierno-chaqueno-reafirma-su-presencia-en-el-impenetrable\/","title":{"rendered":"CUARENTA A\u00d1OS DE FORT\u00cdN BELGRANO: EL GOBIERNO CHAQUE\u00d1O REAFIRMA SU PRESENCIA EN EL IMPENETRABLE"},"content":{"rendered":"\n<p><strong>Fort\u00edn Belgrano<\/strong>, la localidad m\u00e1s boreal de la provincia del Chaco, ubicada estrat\u00e9gicamente en el extremo noroeste y dentro del <strong>Departamento General G\u00fcemes<\/strong> en El Impenetrable, conmemor\u00f3 su <strong>40\u00b0 aniversario<\/strong> fundacional. La efem\u00e9ride fue un momento propicio para que el Gobierno provincial, a trav\u00e9s de sus representantes, reafirmara el compromiso del Estado con las comunidades que tradicionalmente se encuentran m\u00e1s distantes de los centros de poder y con mayores d\u00e9ficits de servicios.<\/p>\n\n\n\n<p>Este aniversario simboliza cuatro d\u00e9cadas de historia, identidad y <strong>tradici\u00f3n en El Impenetrable<\/strong>, una de las regiones con mayores desaf\u00edos socioecon\u00f3micos de Argentina. La celebraci\u00f3n no solo fue un acto protocolar, sino un reconocimiento a la resiliencia de sus pobladores, en su mayor\u00eda pertenecientes a la <strong>etnia Wichi<\/strong>, quienes han luchado hist\u00f3ricamente por la plena integraci\u00f3n y acceso a los derechos b\u00e1sicos.<\/p>\n\n\n\n<p>La presencia de autoridades provinciales fue destacada, con el objetivo de &#8220;reafirmar el compromiso del Estado chaque\u00f1o de estar junto a las comunidades m\u00e1s alejadas del territorio provincial&#8221;, seg\u00fan la manifestaci\u00f3n de la subsecretaria de Coordinaci\u00f3n de Pol\u00edticas Provinciales, <strong>Elisabeth Dudik<\/strong>. Este tipo de acciones es fundamental para acortar la brecha que separa a estas localidades del resto de la provincia, especialmente en \u00e1reas cr\u00edticas como salud, educaci\u00f3n y conectividad.<\/p>\n\n\n\n<p>Fort\u00edn Belgrano, que depende administrativamente del municipio de <strong>El Sauzalito<\/strong> y se encuentra a 110 kil\u00f3metros de su cabecera, enfrenta dificultades log\u00edsticas y de acceso que marcan la vida cotidiana de sus habitantes. El foco de la gesti\u00f3n en esta regi\u00f3n se centra en el desarrollo de la <strong>infraestructura social b\u00e1sica<\/strong>, buscando mitigar la precariedad habitacional y sanitaria que afecta a gran parte de la poblaci\u00f3n originaria y criolla.<\/p>\n\n\n\n<p>La conmemoraci\u00f3n del 40\u00b0 aniversario no solo mir\u00f3 hacia el pasado, sino que tambi\u00e9n sirvi\u00f3 para visibilizar las demandas actuales de la regi\u00f3n y establecer una hoja de ruta para los pr\u00f3ximos a\u00f1os. El compromiso implica avanzar en la consolidaci\u00f3n de los servicios esenciales y en el fortalecimiento de las identidades culturales, buscando un equilibrio entre el desarrollo moderno y la preservaci\u00f3n de las tradiciones locales.<\/p>\n\n\n\n<p>En t\u00e9rminos de proyecci\u00f3n, la pol\u00edtica de acompa\u00f1amiento a Fort\u00edn Belgrano es vista por analistas como un test para el <strong>federalismo interno<\/strong> de la provincia. La capacidad del Estado chaque\u00f1o de generar desarrollo sostenible e inclusivo en el coraz\u00f3n de El Impenetrable ser\u00e1 un indicador clave de su \u00e9xito en reducir las desigualdades territoriales y sociales hist\u00f3ricas, transformando la presencia simb\u00f3lica en un impacto estructural y duradero.<\/p>\n","protected":false},"excerpt":{"rendered":"<p>Fort\u00edn Belgrano, la localidad m\u00e1s boreal de la provincia del Chaco, ubicada estrat\u00e9gicamente en el extremo noroeste y dentro del Departamento General G\u00fcemes en El Impenetrable, conmemor\u00f3 su 40\u00b0 aniversario fundacional. La efem\u00e9ride fue un momento propicio para que el Gobierno provincial, a trav\u00e9s de sus representantes, reafirmara el compromiso del Estado con las comunidades [&hellip;]<\/p>\n","protected":false},"author":2,"featured_media":12722,"comment_status":"open","ping_status":"open","sticky":false,"template":"","format":"standard","meta":{"footnotes":""},"categories":[28],"tags":[],"class_list":{"0":"post-12725","1":"post","2":"type-post","3":"status-publish","4":"format-standard","5":"has-post-thumbnail","7":"category-locales"},"aioseo_notices":[],"_links":{"self":[{"href":"https:\/\/lalupa24.com.ar\/index.php\/wp-json\/wp\/v2\/posts\/12725","targetHints":{"allow":["GET"]}}],"collection":[{"href":"https:\/\/lalupa24.com.ar\/index.php\/wp-json\/wp\/v2\/posts"}],"about":[{"href":"https:\/\/lalupa24.com.ar\/index.php\/wp-json\/wp\/v2\/types\/post"}],"author":[{"embeddable":true,"href":"https:\/\/lalupa24.com.ar\/index.php\/wp-json\/wp\/v2\/users\/2"}],"replies":[{"embeddable":true,"href":"https:\/\/lalupa24.com.ar\/index.php\/wp-json\/wp\/v2\/comments?post=12725"}],"version-history":[{"count":1,"href":"https:\/\/lalupa24.com.ar\/index.php\/wp-json\/wp\/v2\/posts\/12725\/revisions"}],"predecessor-version":[{"id":12726,"href":"https:\/\/lalupa24.com.ar\/index.php\/wp-json\/wp\/v2\/posts\/12725\/revisions\/12726"}],"wp:featuredmedia":[{"embeddable":true,"href":"https:\/\/lalupa24.com.ar\/index.php\/wp-json\/wp\/v2\/media\/12722"}],"wp:attachment":[{"href":"https:\/\/lalupa24.com.ar\/index.php\/wp-json\/wp\/v2\/media?parent=12725"}],"wp:term":[{"taxonomy":"category","embeddable":true,"href":"https:\/\/lalupa24.com.ar\/index.php\/wp-json\/wp\/v2\/categories?post=12725"},{"taxonomy":"post_tag","embeddable":true,"href":"https:\/\/lalupa24.com.ar\/index.php\/wp-json\/wp\/v2\/tags?post=12725"}],"curies":[{"name":"wp","href":"https:\/\/api.w.org\/{rel}","templated":true}]}}