{"id":12727,"date":"2025-10-05T11:32:51","date_gmt":"2025-10-05T14:32:51","guid":{"rendered":"https:\/\/lalupa24.com.ar\/?p=12727"},"modified":"2025-10-05T11:32:52","modified_gmt":"2025-10-05T14:32:52","slug":"basail-celebro-50-anos-de-devocion-a-san-francisco-de-asis-un-evento-que-une-fe-tradicion-y-politica-regional","status":"publish","type":"post","link":"https:\/\/lalupa24.com.ar\/index.php\/2025\/10\/05\/basail-celebro-50-anos-de-devocion-a-san-francisco-de-asis-un-evento-que-une-fe-tradicion-y-politica-regional\/","title":{"rendered":"BASAIL CELEBR\u00d3 50 A\u00d1OS DE DEVOCI\u00d3N A SAN FRANCISCO DE AS\u00cdS: UN EVENTO QUE UNE FE, TRADICI\u00d3N Y POL\u00cdTICA REGIONAL"},"content":{"rendered":"\n<p>La localidad de <strong>Basail<\/strong>, en la Colonia Tacuar\u00ed Oeste, fue el epicentro de una masiva celebraci\u00f3n religiosa y cultural en honor a <strong>San Francisco de As\u00eds<\/strong>, evento que este a\u00f1o adquiri\u00f3 una significaci\u00f3n especial al conmemorarse el <strong>50\u00b0 aniversario<\/strong> de la llegada de la tradici\u00f3n a la zona. La jornada, que combin\u00f3 una misa central con actos de fuerte arraigo cultural, congreg\u00f3 a familias enteras del Chaco y de provincias vecinas como Santa Fe, consolid\u00e1ndose como uno de los encuentros de fe m\u00e1s importantes de la regi\u00f3n.<\/p>\n\n\n\n<p>El gobernador <strong>Leandro Zdero<\/strong> particip\u00f3 activamente en la celebraci\u00f3n, subrayando el valor hist\u00f3rico y espiritual del evento. Su presencia no solo honr\u00f3 la devoci\u00f3n popular, sino que tambi\u00e9n tuvo un componente pol\u00edtico al destacar el rol del Estado en el apoyo a las manifestaciones de la <strong>identidad cultural<\/strong> y las tradiciones del interior. El mandatario record\u00f3 la trascendencia de la media centuria de la festividad, iniciada por los impulsores originales de la Colonia Tacuar\u00ed Oeste.<\/p>\n\n\n\n<p>El evento trascendi\u00f3 lo meramente religioso, actuando como un poderoso <strong>factor de cohesi\u00f3n social<\/strong>. El secretario de Asuntos Estrat\u00e9gicos, <strong>Marcos Resico<\/strong>, destac\u00f3 que estos encuentros &#8220;refuerzan la cultura y la fe de la regi\u00f3n&#8221;, albergando a vecinos de Basail, Cotelai y zonas aleda\u00f1as. La tradici\u00f3n de San Francisco de As\u00eds en esta colonia se ha convertido en un lazo intergeneracional que mantiene viva la historia de los pioneros y sus descendientes.<\/p>\n\n\n\n<p>El acompa\u00f1amiento del Gobierno provincial a esta iniciativa es visto como una pol\u00edtica orientada a fortalecer los <strong>lazos comunitarios<\/strong> y la pertenencia. En un contexto de creciente fragmentaci\u00f3n social, el fomento de eventos que promueven la unidad familiar y la devoci\u00f3n colectiva se posiciona como una herramienta de capital social valiosa. El gobernador insisti\u00f3 en que &#8220;es parte de nuestra identidad y de nuestras tradiciones&#8221;, destacando el car\u00e1cter integrador del encuentro.<\/p>\n\n\n\n<p>Desde una perspectiva de <strong>turismo religioso y cultural<\/strong>, la celebraci\u00f3n de San Francisco de As\u00eds en Basail representa una oportunidad para la microeconom\u00eda regional. La afluencia de visitantes de provincias cercanas inyecta un movimiento comercial temporal, pero significativo, para los peque\u00f1os emprendedores y prestadores de servicios de la zona, reforzando la tesis de que la cultura y la fe pueden ser motores de desarrollo local.<\/p>\n\n\n\n<p>La perdurabilidad de esta tradici\u00f3n, que cumple cincuenta a\u00f1os, proyecta un futuro en el que la <strong>fusi\u00f3n entre fe, cultura y gesti\u00f3n p\u00fablica<\/strong> seguir\u00e1 siendo la clave. El compromiso estatal de respaldar estas celebraciones busca garantizar su continuidad, asegurando que las futuras generaciones en Basail y sus alrededores puedan mantener vivo este patrimonio inmaterial que tanto contribuye a la identidad y a la uni\u00f3n de las familias chaque\u00f1as y de la regi\u00f3n.<\/p>\n","protected":false},"excerpt":{"rendered":"<p>La localidad de Basail, en la Colonia Tacuar\u00ed Oeste, fue el epicentro de una masiva celebraci\u00f3n religiosa y cultural en honor a San Francisco de As\u00eds, evento que este a\u00f1o adquiri\u00f3 una significaci\u00f3n especial al conmemorarse el 50\u00b0 aniversario de la llegada de la tradici\u00f3n a la zona. La jornada, que combin\u00f3 una misa central [&hellip;]<\/p>\n","protected":false},"author":2,"featured_media":12721,"comment_status":"open","ping_status":"open","sticky":false,"template":"","format":"standard","meta":{"footnotes":""},"categories":[28],"tags":[],"class_list":{"0":"post-12727","1":"post","2":"type-post","3":"status-publish","4":"format-standard","5":"has-post-thumbnail","7":"category-locales"},"aioseo_notices":[],"_links":{"self":[{"href":"https:\/\/lalupa24.com.ar\/index.php\/wp-json\/wp\/v2\/posts\/12727","targetHints":{"allow":["GET"]}}],"collection":[{"href":"https:\/\/lalupa24.com.ar\/index.php\/wp-json\/wp\/v2\/posts"}],"about":[{"href":"https:\/\/lalupa24.com.ar\/index.php\/wp-json\/wp\/v2\/types\/post"}],"author":[{"embeddable":true,"href":"https:\/\/lalupa24.com.ar\/index.php\/wp-json\/wp\/v2\/users\/2"}],"replies":[{"embeddable":true,"href":"https:\/\/lalupa24.com.ar\/index.php\/wp-json\/wp\/v2\/comments?post=12727"}],"version-history":[{"count":1,"href":"https:\/\/lalupa24.com.ar\/index.php\/wp-json\/wp\/v2\/posts\/12727\/revisions"}],"predecessor-version":[{"id":12728,"href":"https:\/\/lalupa24.com.ar\/index.php\/wp-json\/wp\/v2\/posts\/12727\/revisions\/12728"}],"wp:featuredmedia":[{"embeddable":true,"href":"https:\/\/lalupa24.com.ar\/index.php\/wp-json\/wp\/v2\/media\/12721"}],"wp:attachment":[{"href":"https:\/\/lalupa24.com.ar\/index.php\/wp-json\/wp\/v2\/media?parent=12727"}],"wp:term":[{"taxonomy":"category","embeddable":true,"href":"https:\/\/lalupa24.com.ar\/index.php\/wp-json\/wp\/v2\/categories?post=12727"},{"taxonomy":"post_tag","embeddable":true,"href":"https:\/\/lalupa24.com.ar\/index.php\/wp-json\/wp\/v2\/tags?post=12727"}],"curies":[{"name":"wp","href":"https:\/\/api.w.org\/{rel}","templated":true}]}}