{"id":12744,"date":"2025-09-12T11:26:00","date_gmt":"2025-09-12T14:26:00","guid":{"rendered":"https:\/\/lalupa24.com.ar\/?p=12744"},"modified":"2025-10-06T10:27:21","modified_gmt":"2025-10-06T13:27:21","slug":"delgado-recibio-a-docentes-del-centro-educativo-terapeutico-los-girasoles-para-avanzar-en-un-proyecto-de-inclusion-laboral","status":"publish","type":"post","link":"https:\/\/lalupa24.com.ar\/index.php\/2025\/09\/12\/delgado-recibio-a-docentes-del-centro-educativo-terapeutico-los-girasoles-para-avanzar-en-un-proyecto-de-inclusion-laboral\/","title":{"rendered":"Delgado recibi\u00f3 a docentes del Centro Educativo Terap\u00e9utico \u201cLos Girasoles\u201d para avanzar en un proyecto de inclusi\u00f3n laboral"},"content":{"rendered":"\n<p><\/p>\n\n\n\n<p>La presidente del&nbsp;Poder Legislativo, Carmen Delgado, recibi\u00f3 a docentes del Centro Educativo Terap\u00e9utico \u201cLos Girasoles\u201d con el objetivo de acompa\u00f1ar una iniciativa de entrenamiento laboral destinada a j\u00f3venes con discapacidad.<\/p>\n\n\n\n<p>La directora de la instituci\u00f3n, Roc\u00edo Delssin, expres\u00f3: \u201cEstamos muy contentas como equipo de trabajo de haber podido reunirnos con la presidente, quien nos recibi\u00f3 muy amablemente y con mucha predisposici\u00f3n, de manera pr\u00e1ctica y expeditiva, para avanzar en un proyecto de entrenamiento laboral de cuatro j\u00f3venes con discapacidad. Ellos van a desarrollar tareas en distintas \u00e1reas del&nbsp;Poder Legislativo&nbsp;como la biblioteca, la imprenta, protocolo y recepci\u00f3n. Estamos muy felices del acompa\u00f1amiento de la Legislatura a esta iniciativa, que desde hace muchos a\u00f1os buscamos desde Los Girasoles: que los j\u00f3venes con discapacidad puedan entrenarse, capacitarse, formarse y lograr inclusi\u00f3n laboral\u201d.<\/p>\n\n\n\n<p>Por su parte, Delgado subray\u00f3 el compromiso del&nbsp;Poder Legislativo&nbsp;con la inclusi\u00f3n social y laboral: \u201cCreemos que abrir las puertas de la instituci\u00f3n a este tipo de programas es un paso fundamental hacia una sociedad m\u00e1s justa e igualitaria. Cada joven merece tener la oportunidad de formarse y demostrar sus capacidades. Desde la Legislatura vamos a seguir impulsando pol\u00edticas y espacios que promuevan la integraci\u00f3n y el respeto por la diversidad\u201d.<\/p>\n\n\n\n<p>La presidenta tambi\u00e9n destac\u00f3 que este proyecto \u201cno solo fortalece a los j\u00f3venes en su autonom\u00eda y formaci\u00f3n, sino que enriquece a toda la instituci\u00f3n, porque nos invita a crecer en valores como la empat\u00eda, la solidaridad y la igualdad de oportunidades\u201d.<\/p>\n","protected":false},"excerpt":{"rendered":"<p>La presidente del&nbsp;Poder Legislativo, Carmen Delgado, recibi\u00f3 a docentes del Centro Educativo Terap\u00e9utico \u201cLos Girasoles\u201d con el objetivo de acompa\u00f1ar una iniciativa de entrenamiento laboral destinada a j\u00f3venes con discapacidad. La directora de la instituci\u00f3n, Roc\u00edo Delssin, expres\u00f3: \u201cEstamos muy contentas como equipo de trabajo de haber podido reunirnos con la presidente, quien nos recibi\u00f3 [&hellip;]<\/p>\n","protected":false},"author":2,"featured_media":12745,"comment_status":"open","ping_status":"open","sticky":false,"template":"","format":"standard","meta":{"footnotes":""},"categories":[28],"tags":[],"class_list":{"0":"post-12744","1":"post","2":"type-post","3":"status-publish","4":"format-standard","5":"has-post-thumbnail","7":"category-locales"},"aioseo_notices":[],"_links":{"self":[{"href":"https:\/\/lalupa24.com.ar\/index.php\/wp-json\/wp\/v2\/posts\/12744","targetHints":{"allow":["GET"]}}],"collection":[{"href":"https:\/\/lalupa24.com.ar\/index.php\/wp-json\/wp\/v2\/posts"}],"about":[{"href":"https:\/\/lalupa24.com.ar\/index.php\/wp-json\/wp\/v2\/types\/post"}],"author":[{"embeddable":true,"href":"https:\/\/lalupa24.com.ar\/index.php\/wp-json\/wp\/v2\/users\/2"}],"replies":[{"embeddable":true,"href":"https:\/\/lalupa24.com.ar\/index.php\/wp-json\/wp\/v2\/comments?post=12744"}],"version-history":[{"count":1,"href":"https:\/\/lalupa24.com.ar\/index.php\/wp-json\/wp\/v2\/posts\/12744\/revisions"}],"predecessor-version":[{"id":12746,"href":"https:\/\/lalupa24.com.ar\/index.php\/wp-json\/wp\/v2\/posts\/12744\/revisions\/12746"}],"wp:featuredmedia":[{"embeddable":true,"href":"https:\/\/lalupa24.com.ar\/index.php\/wp-json\/wp\/v2\/media\/12745"}],"wp:attachment":[{"href":"https:\/\/lalupa24.com.ar\/index.php\/wp-json\/wp\/v2\/media?parent=12744"}],"wp:term":[{"taxonomy":"category","embeddable":true,"href":"https:\/\/lalupa24.com.ar\/index.php\/wp-json\/wp\/v2\/categories?post=12744"},{"taxonomy":"post_tag","embeddable":true,"href":"https:\/\/lalupa24.com.ar\/index.php\/wp-json\/wp\/v2\/tags?post=12744"}],"curies":[{"name":"wp","href":"https:\/\/api.w.org\/{rel}","templated":true}]}}