{"id":12753,"date":"2025-09-29T22:35:00","date_gmt":"2025-09-30T01:35:00","guid":{"rendered":"https:\/\/lalupa24.com.ar\/?p=12753"},"modified":"2025-10-06T10:38:56","modified_gmt":"2025-10-06T13:38:56","slug":"legisladores-visitaron-el-parque-solar-villa-angela","status":"publish","type":"post","link":"https:\/\/lalupa24.com.ar\/index.php\/2025\/09\/29\/legisladores-visitaron-el-parque-solar-villa-angela\/","title":{"rendered":"Legisladores visitaron el Parque Solar Villa \u00c1ngela"},"content":{"rendered":"\n<p><\/p>\n\n\n\n<p>La presidente del&nbsp;Poder Legislativo, Carmen Delgado, junto a los diputados Iv\u00e1n Gyoker y Laura Bissoni, participaron de una visita al Parque Solar Villa \u00c1ngela, acompa\u00f1ando al gobernador Leandro Zdero, la vicegobernadora Silvana Schneider, el ministro de Infraestructura, Hugo Dom\u00ednguez y el diputado electo Joaqu\u00edn Garc\u00eda.<\/p>\n\n\n\n<p>Las autoridades fueron recibidas por el representante legal de MSU Green Energy SAU, Gustavo Jovanovich, junto al equipo de ingenieros y operarios a cargo de la planta, quienes brindaron detalles sobre el funcionamiento del predio. El Parque Solar Villa \u00c1ngela ocupa 222 hect\u00e1reas, cuenta con m\u00e1s de 103 mil paneles y tiene una capacidad de generaci\u00f3n de 60 MW, energ\u00eda suficiente para abastecer a m\u00e1s de 45 mil hogares.<\/p>\n\n\n\n<p>Delgado subray\u00f3 que la puesta en marcha de este tipo de proyectos \u201crefleja el compromiso de la provincia con la diversificaci\u00f3n de la matriz energ\u00e9tica, la reducci\u00f3n del impacto ambiental y la generaci\u00f3n de nuevas oportunidades para las comunidades locales\u201d.<\/p>\n\n\n\n<p>Las autoridades presentes aprovecharon la visita para reafirmar compromisos con el desarrollo energ\u00e9tico bajo criterios de sostenibilidad y descentralizaci\u00f3n. Seg\u00fan lo dispuesto por la Ley 27.191 de Energ\u00edas Renovables, Argentina apunta a que para 2025 al menos un 20 % del consumo el\u00e9ctrico provenga de fuentes limpias; proyectos como Villa \u00c1ngela se colocan en la primera l\u00ednea de ese desaf\u00edo.<\/p>\n","protected":false},"excerpt":{"rendered":"<p>La presidente del&nbsp;Poder Legislativo, Carmen Delgado, junto a los diputados Iv\u00e1n Gyoker y Laura Bissoni, participaron de una visita al Parque Solar Villa \u00c1ngela, acompa\u00f1ando al gobernador Leandro Zdero, la vicegobernadora Silvana Schneider, el ministro de Infraestructura, Hugo Dom\u00ednguez y el diputado electo Joaqu\u00edn Garc\u00eda. Las autoridades fueron recibidas por el representante legal de MSU [&hellip;]<\/p>\n","protected":false},"author":2,"featured_media":12754,"comment_status":"open","ping_status":"open","sticky":false,"template":"","format":"standard","meta":{"footnotes":""},"categories":[28],"tags":[],"class_list":{"0":"post-12753","1":"post","2":"type-post","3":"status-publish","4":"format-standard","5":"has-post-thumbnail","7":"category-locales"},"aioseo_notices":[],"_links":{"self":[{"href":"https:\/\/lalupa24.com.ar\/index.php\/wp-json\/wp\/v2\/posts\/12753","targetHints":{"allow":["GET"]}}],"collection":[{"href":"https:\/\/lalupa24.com.ar\/index.php\/wp-json\/wp\/v2\/posts"}],"about":[{"href":"https:\/\/lalupa24.com.ar\/index.php\/wp-json\/wp\/v2\/types\/post"}],"author":[{"embeddable":true,"href":"https:\/\/lalupa24.com.ar\/index.php\/wp-json\/wp\/v2\/users\/2"}],"replies":[{"embeddable":true,"href":"https:\/\/lalupa24.com.ar\/index.php\/wp-json\/wp\/v2\/comments?post=12753"}],"version-history":[{"count":1,"href":"https:\/\/lalupa24.com.ar\/index.php\/wp-json\/wp\/v2\/posts\/12753\/revisions"}],"predecessor-version":[{"id":12755,"href":"https:\/\/lalupa24.com.ar\/index.php\/wp-json\/wp\/v2\/posts\/12753\/revisions\/12755"}],"wp:featuredmedia":[{"embeddable":true,"href":"https:\/\/lalupa24.com.ar\/index.php\/wp-json\/wp\/v2\/media\/12754"}],"wp:attachment":[{"href":"https:\/\/lalupa24.com.ar\/index.php\/wp-json\/wp\/v2\/media?parent=12753"}],"wp:term":[{"taxonomy":"category","embeddable":true,"href":"https:\/\/lalupa24.com.ar\/index.php\/wp-json\/wp\/v2\/categories?post=12753"},{"taxonomy":"post_tag","embeddable":true,"href":"https:\/\/lalupa24.com.ar\/index.php\/wp-json\/wp\/v2\/tags?post=12753"}],"curies":[{"name":"wp","href":"https:\/\/api.w.org\/{rel}","templated":true}]}}