{"id":12761,"date":"2025-10-03T10:46:54","date_gmt":"2025-10-03T13:46:54","guid":{"rendered":"https:\/\/lalupa24.com.ar\/?p=12761"},"modified":"2025-10-06T10:48:11","modified_gmt":"2025-10-06T13:48:11","slug":"feria-internacional-de-arte-a-362-quinta-edicion-en-resistencia","status":"publish","type":"post","link":"https:\/\/lalupa24.com.ar\/index.php\/2025\/10\/03\/feria-internacional-de-arte-a-362-quinta-edicion-en-resistencia\/","title":{"rendered":"Feria internacional de arte A.362 quinta edici\u00f3n en Resistencia"},"content":{"rendered":"\n<h4 class=\"wp-block-heading\"><\/h4>\n\n\n\n<p>Se trata de un evento que reunir\u00e1 a galer\u00edas y proyectos art\u00edsticos de Chaco, Corrientes, Tucum\u00e1n, Santa Fe, Misiones y Buenos Aires, seleccionados por un jurado de prestigio integrado por Rodrigo Alonso, Carlos Herrera, Matilde Mar\u00edn y Laura San Mart\u00edn.<br>Con entrada libre y gratuita, la Feria convoca a toda la comunidad a disfrutar de un espacio de encuentro, exhibici\u00f3n y di\u00e1logo en torno al arte contempor\u00e1neo. La programaci\u00f3n incluye la participaci\u00f3n de artistas emergentes y consolidados, galer\u00edas y proyectos colectivos, generando un \u00e1mbito \u00fanico para el intercambio cultural.<br>La Feria a.362 se realiza gracias al esfuerzo del Club Social de Resistencia que cuenta con el apoyo del Gobierno del Chaco, a trav\u00e9s del Instituto de Cultura. Tambi\u00e9n apoyan este evento: instituciones como la Facultad de Artes, Dise\u00f1o y Ciencias de la Cultura (FADyCC), la Academia Nacional de Bellas Artes (ANBA), la Academia Nacional de Arquitectura y Urbanismo (ANAU) y Dise\u00f1adores Nacionales Asociados (DINA). Asimismo, cuenta con el apoyo de la Fundaci\u00f3n Fortabat, la Fundaci\u00f3n Proa, la Municipalidad de Resistencia (MCR), la Universidad Nacional del Nordeste (UNNE) y el Consejo Federal de Inversiones (CFI).<\/p>\n\n\n\n<p>El comit\u00e9 directivo de la feria est\u00e1 conformado por Marilyn Cristofani, Alejandra Meana y Carlos Nicolini, y Daniel Fischer. La invitaci\u00f3n se extiende a todos los amantes del arte, coleccionistas, estudiantes, familias y p\u00fablico en general, para ser parte de esta celebraci\u00f3n que convierte a Resistencia en un polo de referencia del arte contempor\u00e1neo en la regi\u00f3n.<\/p>\n","protected":false},"excerpt":{"rendered":"<p>Se trata de un evento que reunir\u00e1 a galer\u00edas y proyectos art\u00edsticos de Chaco, Corrientes, Tucum\u00e1n, Santa Fe, Misiones y Buenos Aires, seleccionados por un jurado de prestigio integrado por Rodrigo Alonso, Carlos Herrera, Matilde Mar\u00edn y Laura San Mart\u00edn.Con entrada libre y gratuita, la Feria convoca a toda la comunidad a disfrutar de un [&hellip;]<\/p>\n","protected":false},"author":2,"featured_media":12762,"comment_status":"open","ping_status":"open","sticky":false,"template":"","format":"standard","meta":{"footnotes":""},"categories":[28],"tags":[],"class_list":{"0":"post-12761","1":"post","2":"type-post","3":"status-publish","4":"format-standard","5":"has-post-thumbnail","7":"category-locales"},"aioseo_notices":[],"_links":{"self":[{"href":"https:\/\/lalupa24.com.ar\/index.php\/wp-json\/wp\/v2\/posts\/12761","targetHints":{"allow":["GET"]}}],"collection":[{"href":"https:\/\/lalupa24.com.ar\/index.php\/wp-json\/wp\/v2\/posts"}],"about":[{"href":"https:\/\/lalupa24.com.ar\/index.php\/wp-json\/wp\/v2\/types\/post"}],"author":[{"embeddable":true,"href":"https:\/\/lalupa24.com.ar\/index.php\/wp-json\/wp\/v2\/users\/2"}],"replies":[{"embeddable":true,"href":"https:\/\/lalupa24.com.ar\/index.php\/wp-json\/wp\/v2\/comments?post=12761"}],"version-history":[{"count":1,"href":"https:\/\/lalupa24.com.ar\/index.php\/wp-json\/wp\/v2\/posts\/12761\/revisions"}],"predecessor-version":[{"id":12763,"href":"https:\/\/lalupa24.com.ar\/index.php\/wp-json\/wp\/v2\/posts\/12761\/revisions\/12763"}],"wp:featuredmedia":[{"embeddable":true,"href":"https:\/\/lalupa24.com.ar\/index.php\/wp-json\/wp\/v2\/media\/12762"}],"wp:attachment":[{"href":"https:\/\/lalupa24.com.ar\/index.php\/wp-json\/wp\/v2\/media?parent=12761"}],"wp:term":[{"taxonomy":"category","embeddable":true,"href":"https:\/\/lalupa24.com.ar\/index.php\/wp-json\/wp\/v2\/categories?post=12761"},{"taxonomy":"post_tag","embeddable":true,"href":"https:\/\/lalupa24.com.ar\/index.php\/wp-json\/wp\/v2\/tags?post=12761"}],"curies":[{"name":"wp","href":"https:\/\/api.w.org\/{rel}","templated":true}]}}