{"id":12770,"date":"2025-10-04T10:53:25","date_gmt":"2025-10-04T13:53:25","guid":{"rendered":"https:\/\/lalupa24.com.ar\/?p=12770"},"modified":"2025-10-06T10:54:42","modified_gmt":"2025-10-06T13:54:42","slug":"misa-fe-y-tradicion-en-honor-a-san-francisco-de-asis-en-basail","status":"publish","type":"post","link":"https:\/\/lalupa24.com.ar\/index.php\/2025\/10\/04\/misa-fe-y-tradicion-en-honor-a-san-francisco-de-asis-en-basail\/","title":{"rendered":"Misa, fe y tradici\u00f3n en honor a San Francisco de As\u00eds en Basail"},"content":{"rendered":"\n<p>Este s\u00e1bado, se llev\u00f3 adelante la\u00a0 celebraci\u00f3n religiosa que reuni\u00f3 a familias del Chaco y de la regi\u00f3n, en la Colonia Tacuar\u00ed oeste- localidad de Basail. El evento se consolid\u00f3 como una propuesta que combina fe, y cultura del interior chaque\u00f1o.<\/p>\n\n\n\n<p>&#8220;ESTOS ENCUENTROS REFUERZAN LA FE Y LOS LAZOS ENTRE LAS FAMILIAS DEL INTERIOR\u201d<br>El primer mandatario provincial destac\u00f3 el valor hist\u00f3rico y espiritual de la jornada. \u201cEstos encuentros son la expresi\u00f3n de nuestra fe y tambi\u00e9n de la uni\u00f3n entre las familias del interior\u201d, recordando que se cumplen 50 a\u00f1os de la llegada de San Francisco de As\u00eds a la Colonia Tacuar\u00ed Oeste. Adem\u00e1s, resalt\u00f3 la emoci\u00f3n de los descendientes de quienes impulsaron esta tradici\u00f3n, quienes hacen que la historia de sus padres y abuelos se mantenga viva a trav\u00e9s de estas celebraciones.<br>Por \u00faltimo, Zdero subray\u00f3 la importancia del acompa\u00f1amiento del Gobierno provincial a estas iniciativas. \u201cEs parte de nuestra identidad y de nuestras tradiciones. Estos eventos no solo reflejan la fe y la devoci\u00f3n, sino tambi\u00e9n la uni\u00f3n entre las familias y comunidades, incluso de lugares cercanos como Santa Fe. Para nosotros es importante estar presentes y apoyar estas actividades que fortalecen la cohesi\u00f3n social\u201d, concluy\u00f3.<\/p>\n\n\n\n<p>MARCOS RESICO: \u201cESTOS EVENTOS REFUERZAN LA CULTURA Y LA FE DE LA REGI\u00d3N\u201d<br>El secretario de Asuntos Estrat\u00e9gicos, Marcos Resico, se\u00f1al\u00f3 la importancia de acompa\u00f1ar este encuentro que combina fe y tradici\u00f3n cultural. \u201cEs una fiesta religiosa que va m\u00e1s all\u00e1 de todo, es una cuesti\u00f3n de fe. Adem\u00e1s, contamos con la participaci\u00f3n de vecinos de Basail, de Cotelai y todas las zonas cercanas\u201d, asegur\u00f3.<br>\u201cSiempre es bueno acompa\u00f1ar estas celebraciones porque reflejan la uni\u00f3n de la gente de la regi\u00f3n y su forma de vivir la tradici\u00f3n\u201d.<\/p>\n\n\n\n<p>HERN\u00c1N PANIAGUA: \u201cTODOS LOS QUE VENERAN A SAN FRANCISCO DE AS\u00cdS HAN TRABAJADO PARA MANTENER ESTA TRADICI\u00d3N\u201d<br>El intendente de Basail, Hern\u00e1n Paniagua, valor\u00f3 la celebraci\u00f3n en el marco de los 50 a\u00f1os de la llegada de San Francisco de As\u00eds a la gruta de la localidad. \u201cSe ha convertido en un trabajo colectivo que permite conservar estos espacios y rendir homenaje al santo. Todos los que veneran a este santo vienen trabajando fuertemente para que esto crezca y se mantenga a\u00f1o tras a\u00f1o\u201d, asever\u00f3<\/p>\n","protected":false},"excerpt":{"rendered":"<p>Este s\u00e1bado, se llev\u00f3 adelante la\u00a0 celebraci\u00f3n religiosa que reuni\u00f3 a familias del Chaco y de la regi\u00f3n, en la Colonia Tacuar\u00ed oeste- localidad de Basail. El evento se consolid\u00f3 como una propuesta que combina fe, y cultura del interior chaque\u00f1o. &#8220;ESTOS ENCUENTROS REFUERZAN LA FE Y LOS LAZOS ENTRE LAS FAMILIAS DEL INTERIOR\u201dEl primer [&hellip;]<\/p>\n","protected":false},"author":2,"featured_media":12771,"comment_status":"open","ping_status":"open","sticky":false,"template":"","format":"standard","meta":{"footnotes":""},"categories":[27],"tags":[],"class_list":{"0":"post-12770","1":"post","2":"type-post","3":"status-publish","4":"format-standard","5":"has-post-thumbnail","7":"category-interior"},"aioseo_notices":[],"_links":{"self":[{"href":"https:\/\/lalupa24.com.ar\/index.php\/wp-json\/wp\/v2\/posts\/12770","targetHints":{"allow":["GET"]}}],"collection":[{"href":"https:\/\/lalupa24.com.ar\/index.php\/wp-json\/wp\/v2\/posts"}],"about":[{"href":"https:\/\/lalupa24.com.ar\/index.php\/wp-json\/wp\/v2\/types\/post"}],"author":[{"embeddable":true,"href":"https:\/\/lalupa24.com.ar\/index.php\/wp-json\/wp\/v2\/users\/2"}],"replies":[{"embeddable":true,"href":"https:\/\/lalupa24.com.ar\/index.php\/wp-json\/wp\/v2\/comments?post=12770"}],"version-history":[{"count":1,"href":"https:\/\/lalupa24.com.ar\/index.php\/wp-json\/wp\/v2\/posts\/12770\/revisions"}],"predecessor-version":[{"id":12772,"href":"https:\/\/lalupa24.com.ar\/index.php\/wp-json\/wp\/v2\/posts\/12770\/revisions\/12772"}],"wp:featuredmedia":[{"embeddable":true,"href":"https:\/\/lalupa24.com.ar\/index.php\/wp-json\/wp\/v2\/media\/12771"}],"wp:attachment":[{"href":"https:\/\/lalupa24.com.ar\/index.php\/wp-json\/wp\/v2\/media?parent=12770"}],"wp:term":[{"taxonomy":"category","embeddable":true,"href":"https:\/\/lalupa24.com.ar\/index.php\/wp-json\/wp\/v2\/categories?post=12770"},{"taxonomy":"post_tag","embeddable":true,"href":"https:\/\/lalupa24.com.ar\/index.php\/wp-json\/wp\/v2\/tags?post=12770"}],"curies":[{"name":"wp","href":"https:\/\/api.w.org\/{rel}","templated":true}]}}