{"id":12773,"date":"2025-10-04T10:54:51","date_gmt":"2025-10-04T13:54:51","guid":{"rendered":"https:\/\/lalupa24.com.ar\/?p=12773"},"modified":"2025-10-06T10:56:15","modified_gmt":"2025-10-06T13:56:15","slug":"el-gobierno-provincial-acompano-el-40-aniversario-de-fortin-belngrano","status":"publish","type":"post","link":"https:\/\/lalupa24.com.ar\/index.php\/2025\/10\/04\/el-gobierno-provincial-acompano-el-40-aniversario-de-fortin-belngrano\/","title":{"rendered":"El gobierno provincial acompa\u00f1o el 40\u00b0 aniversario de Fort\u00edn Belngrano"},"content":{"rendered":"\n<p>El ministro de la Producci\u00f3n, Oscar Dudik, en representaci\u00f3n del gobierno provincial acompa\u00f1\u00f3 la celebraci\u00f3n por los 40 a\u00f1os de la fundaci\u00f3n de Fort\u00edn Belgrano, una comunidad ubicada a casi 700 kil\u00f3metros de Resistencia, integrada mayoritariamente por pueblos originarios.<\/p>\n\n\n\n<p>El acto aniversario cont\u00f3 con la presencia del ministro Oscar Dudik, el subsecretario de Coordinaci\u00f3n Orlando Mor\u00e1n, el titular de Bosques, Gustavo Garc\u00eda, la coordinadora regional de \u00d1achec, Silvana P\u00e9rez y autoridades de regional educativa. Tambi\u00e9n particip\u00f3 el presidente del IDACH, Florencio D\u00edaz, junto al cacique local Lorenzo Matorras, representantes y pastores de iglesias evang\u00e9licas de Formosa y Salta.<\/p>\n\n\n\n<p>Fort\u00edn Belgrano fue fundado el 3 de octubre de 1985, y desde entonces se consolid\u00f3 como un espacio de arraigo para las familias originarias que trabajan en la producci\u00f3n y preservan sus tradiciones. En el marco de este nuevo aniversario, el Gobierno provincial hizo entrega de herramientas, equipamientos y diversos elementos a productores originarios de la zona, con el objetivo de fortalecer su actividad y mejorar las condiciones de trabajo en el lugar.<br>\u201cFort\u00edn Belgrano cumple 40 a\u00f1os de historia, identidad y tradici\u00f3n, estamos aqu\u00ed para acompa\u00f1arlos siempre, reafirmando el compromiso del Estado chaque\u00f1o de estar junto a las comunidades m\u00e1s alejadas del territorio provincial\u201d- manifest\u00f3 Dudik<\/p>\n","protected":false},"excerpt":{"rendered":"<p>El ministro de la Producci\u00f3n, Oscar Dudik, en representaci\u00f3n del gobierno provincial acompa\u00f1\u00f3 la celebraci\u00f3n por los 40 a\u00f1os de la fundaci\u00f3n de Fort\u00edn Belgrano, una comunidad ubicada a casi 700 kil\u00f3metros de Resistencia, integrada mayoritariamente por pueblos originarios. El acto aniversario cont\u00f3 con la presencia del ministro Oscar Dudik, el subsecretario de Coordinaci\u00f3n Orlando [&hellip;]<\/p>\n","protected":false},"author":2,"featured_media":12774,"comment_status":"open","ping_status":"open","sticky":false,"template":"","format":"standard","meta":{"footnotes":""},"categories":[27],"tags":[],"class_list":{"0":"post-12773","1":"post","2":"type-post","3":"status-publish","4":"format-standard","5":"has-post-thumbnail","7":"category-interior"},"aioseo_notices":[],"_links":{"self":[{"href":"https:\/\/lalupa24.com.ar\/index.php\/wp-json\/wp\/v2\/posts\/12773","targetHints":{"allow":["GET"]}}],"collection":[{"href":"https:\/\/lalupa24.com.ar\/index.php\/wp-json\/wp\/v2\/posts"}],"about":[{"href":"https:\/\/lalupa24.com.ar\/index.php\/wp-json\/wp\/v2\/types\/post"}],"author":[{"embeddable":true,"href":"https:\/\/lalupa24.com.ar\/index.php\/wp-json\/wp\/v2\/users\/2"}],"replies":[{"embeddable":true,"href":"https:\/\/lalupa24.com.ar\/index.php\/wp-json\/wp\/v2\/comments?post=12773"}],"version-history":[{"count":1,"href":"https:\/\/lalupa24.com.ar\/index.php\/wp-json\/wp\/v2\/posts\/12773\/revisions"}],"predecessor-version":[{"id":12775,"href":"https:\/\/lalupa24.com.ar\/index.php\/wp-json\/wp\/v2\/posts\/12773\/revisions\/12775"}],"wp:featuredmedia":[{"embeddable":true,"href":"https:\/\/lalupa24.com.ar\/index.php\/wp-json\/wp\/v2\/media\/12774"}],"wp:attachment":[{"href":"https:\/\/lalupa24.com.ar\/index.php\/wp-json\/wp\/v2\/media?parent=12773"}],"wp:term":[{"taxonomy":"category","embeddable":true,"href":"https:\/\/lalupa24.com.ar\/index.php\/wp-json\/wp\/v2\/categories?post=12773"},{"taxonomy":"post_tag","embeddable":true,"href":"https:\/\/lalupa24.com.ar\/index.php\/wp-json\/wp\/v2\/tags?post=12773"}],"curies":[{"name":"wp","href":"https:\/\/api.w.org\/{rel}","templated":true}]}}