{"id":12795,"date":"2025-10-06T14:53:00","date_gmt":"2025-10-06T17:53:00","guid":{"rendered":"https:\/\/lalupa24.com.ar\/?p=12795"},"modified":"2025-10-06T11:55:12","modified_gmt":"2025-10-06T14:55:12","slug":"macabro-crimen-en-moreno-un-hombre-confeso-que-mato-al-hijo-de-4-anos-de-su-pareja","status":"publish","type":"post","link":"https:\/\/lalupa24.com.ar\/index.php\/2025\/10\/06\/macabro-crimen-en-moreno-un-hombre-confeso-que-mato-al-hijo-de-4-anos-de-su-pareja\/","title":{"rendered":"Macabro crimen en Moreno: un hombre confes\u00f3 que mat\u00f3 al hijo de 4 a\u00f1os de su pareja"},"content":{"rendered":"\n<h2 class=\"wp-block-heading\"><\/h2>\n\n\n\n<p>El propio acusado llev\u00f3 al ni\u00f1o al hospital ya sin signos vitales, y cuando fue revisado por el personal m\u00e9dico notaron que el ni\u00f1o presentaba lesiones de violencia. La mam\u00e1 y abuela de la v\u00edctima cont\u00f3 que su pareja era violento con el peque\u00f1o.<\/p>\n\n\n\n<p>Un\u00a0hombre qued\u00f3 detenido luego de confesar que mat\u00f3 al hijo de 4 a\u00f1os de su pareja, tras llevarlo al hospital Mariano y Luciano de la Vega de Moreno, sin signos vitales este s\u00e1bado.<\/p>\n\n\n\n<p>Cristian Deivy Torrico Mendoza\u00a0de 30 a\u00f1os, llev\u00f3 al ni\u00f1o carg\u00e1ndolo en brazo y al llegar al centro de salud, cont\u00f3 que \u00e9l\u00a0hab\u00eda quedado al cuidado del ni\u00f1o\u00a0y que se hab\u00eda descompensado. Los m\u00e9dicos intentaron reanimar al ni\u00f1o para intentar salvarle la vida.<\/p>\n\n\n\n<p>Sin embargo, el hijastro ya\u00a0estaba sin signos vitales\u00a0y, adem\u00e1s, los profesionales sospecharon de sus contradicciones e incluso descubrieron\u00a0marcas en el cuerpo del peque\u00f1o. Inmediatamente alertaron a la Justicia.<\/p>\n\n\n\n<p>Torrico Mendoza admiti\u00f3 haber provocado la asfixia del ni\u00f1o y qued\u00f3 detenido, imputado de\u00a0homicidio agravado. Durante la investigaci\u00f3n, el fiscal del caso, Federico So\u00f1ora, descubri\u00f3 que\u00a0el acusado ten\u00eda celos del nene, que ya le hab\u00eda pegado en otras oportunidades y sospecha que lo mat\u00f3 para hacer sufrir a su mam\u00e1, seg\u00fan confiaron fuentes <\/p>\n\n\n\n<p>La acusaci\u00f3n tambi\u00e9n va de la mano con las declaraciones de la\u00a0madre y abuela de la v\u00edctima\u00a0quienes\u00a0aseguraron que el hombre, de nacionalidad boliviana,\u00a0era violento con el peque\u00f1o, aunque no tiene denuncias por violencia de g\u00e9nero o familiar<\/p>\n\n\n\n<p>La autopsia determin\u00f3 que el ni\u00f1o, Sebasti\u00e1n Emanuel Yafrate\u00a0muri\u00f3 por asfixia.<\/p>\n\n\n\n<p>\u201cPor los dichos de la mam\u00e1 y de la abuela del nene se termin\u00f3 cerrando el perfil: era violento con el ni\u00f1o, pero adem\u00e1s era celoso del v\u00ednculo que su pareja ten\u00eda con el chiquito\u201d, expresaron desde el seno de la investigaci\u00f3n los primeros indicios que llevar\u00edan a la confirmaci\u00f3n del horror.<\/p>\n\n\n\n<p>Ahora, la causa avanza para sostener la hip\u00f3tesis fiscal del femicidio tranversal (NdeR: tiene el prop\u00f3sito de \u201chacer sufrir\u201d a una tercera persona con quien el autor tuvo o tiene una relaci\u00f3n matrimonial o de pareja) de Emanuel.<\/p>\n","protected":false},"excerpt":{"rendered":"<p>El propio acusado llev\u00f3 al ni\u00f1o al hospital ya sin signos vitales, y cuando fue revisado por el personal m\u00e9dico notaron que el ni\u00f1o presentaba lesiones de violencia. La mam\u00e1 y abuela de la v\u00edctima cont\u00f3 que su pareja era violento con el peque\u00f1o. Un\u00a0hombre qued\u00f3 detenido luego de confesar que mat\u00f3 al hijo de [&hellip;]<\/p>\n","protected":false},"author":2,"featured_media":12796,"comment_status":"open","ping_status":"open","sticky":false,"template":"","format":"standard","meta":{"footnotes":""},"categories":[26],"tags":[],"class_list":{"0":"post-12795","1":"post","2":"type-post","3":"status-publish","4":"format-standard","5":"has-post-thumbnail","7":"category-nacionales"},"aioseo_notices":[],"_links":{"self":[{"href":"https:\/\/lalupa24.com.ar\/index.php\/wp-json\/wp\/v2\/posts\/12795","targetHints":{"allow":["GET"]}}],"collection":[{"href":"https:\/\/lalupa24.com.ar\/index.php\/wp-json\/wp\/v2\/posts"}],"about":[{"href":"https:\/\/lalupa24.com.ar\/index.php\/wp-json\/wp\/v2\/types\/post"}],"author":[{"embeddable":true,"href":"https:\/\/lalupa24.com.ar\/index.php\/wp-json\/wp\/v2\/users\/2"}],"replies":[{"embeddable":true,"href":"https:\/\/lalupa24.com.ar\/index.php\/wp-json\/wp\/v2\/comments?post=12795"}],"version-history":[{"count":1,"href":"https:\/\/lalupa24.com.ar\/index.php\/wp-json\/wp\/v2\/posts\/12795\/revisions"}],"predecessor-version":[{"id":12797,"href":"https:\/\/lalupa24.com.ar\/index.php\/wp-json\/wp\/v2\/posts\/12795\/revisions\/12797"}],"wp:featuredmedia":[{"embeddable":true,"href":"https:\/\/lalupa24.com.ar\/index.php\/wp-json\/wp\/v2\/media\/12796"}],"wp:attachment":[{"href":"https:\/\/lalupa24.com.ar\/index.php\/wp-json\/wp\/v2\/media?parent=12795"}],"wp:term":[{"taxonomy":"category","embeddable":true,"href":"https:\/\/lalupa24.com.ar\/index.php\/wp-json\/wp\/v2\/categories?post=12795"},{"taxonomy":"post_tag","embeddable":true,"href":"https:\/\/lalupa24.com.ar\/index.php\/wp-json\/wp\/v2\/tags?post=12795"}],"curies":[{"name":"wp","href":"https:\/\/api.w.org\/{rel}","templated":true}]}}