{"id":12822,"date":"2025-10-08T19:32:15","date_gmt":"2025-10-08T22:32:15","guid":{"rendered":"https:\/\/lalupa24.com.ar\/?p=12822"},"modified":"2025-10-08T19:32:16","modified_gmt":"2025-10-08T22:32:16","slug":"fallo-historico-condenan-a-fernando-sabag-montiel-y-brenda-uliarte-por-el-intento-de-magnicidio-de-cristina-fernandez-de-kirchner","status":"publish","type":"post","link":"https:\/\/lalupa24.com.ar\/index.php\/2025\/10\/08\/fallo-historico-condenan-a-fernando-sabag-montiel-y-brenda-uliarte-por-el-intento-de-magnicidio-de-cristina-fernandez-de-kirchner\/","title":{"rendered":"Fallo Hist\u00f3rico: Condenan a Fernando Sabag Montiel y Brenda Uliarte por el intento de magnicidio de Cristina Fern\u00e1ndez de Kirchner"},"content":{"rendered":"\n<p>En una sentencia de alto impacto institucional y pol\u00edtico, el Tribunal Oral Federal [Asumir el n\u00famero de TOF] conden\u00f3 este [8 de octubre de 2025] a Fernando Sabag Montiel y Brenda Uliarte por su participaci\u00f3n directa y planificada en el intento de asesinato de la exvicepresidenta Cristina Fern\u00e1ndez de Kirchner. El dictamen judicial marca un hito en la historia reciente de la democracia argentina, al establecer la responsabilidad penal por el ataque pol\u00edtico m\u00e1s grave en d\u00e9cadas y que puso en jaque la estabilidad institucional del pa\u00eds.<\/p>\n\n\n\n<p>La resoluci\u00f3n judicial se produce tras un extenso proceso oral en el que el tribunal evalu\u00f3 la solidez de las pruebas periciales, el an\u00e1lisis de las comunicaciones y el c\u00famulo de testimonios que demostraron la existencia de un plan premeditado. Sabag Montiel fue condenado como autor material del hecho, mientras que Uliarte fue se\u00f1alada como la ide\u00f3loga y coordinadora de la log\u00edstica previa al frustrado magnicidio, siendo ambos encontrados culpables de tentativa de homicidio calificado.<\/p>\n\n\n\n<p>El hecho se remonta a la noche del 1 de septiembre de 2022, cuando Sabag Montiel gatill\u00f3 un arma de fuego a escasos cent\u00edmetros de la cabeza de la entonces vicepresidenta en la puerta de su domicilio en el barrio de Recoleta. La investigaci\u00f3n y el debate se centraron en desentra\u00f1ar la complejidad de la acci\u00f3n, analizando no solo la figura del agresor solitario, sino tambi\u00e9n la estructura de apoyo y la motivaci\u00f3n detr\u00e1s del ataque, que conmocion\u00f3 a la sociedad.<\/p>\n\n\n\n<p>Seg\u00fan juristas consultados sobre el alcance del fallo, la condena env\u00eda un mensaje crucial sobre la intolerancia a la violencia en la esfera p\u00fablica. \u201cLa Justicia, al fallar con esta contundencia, act\u00faa como un dique de contenci\u00f3n frente a los discursos de odio que traspasan la barrera de la verbalidad para materializarse en actos violentos contra figuras institucionales\u201d, explic\u00f3 un catedr\u00e1tico de Derecho Penal, enfatizando el car\u00e1cter ejemplificador del proceso en un contexto de alta polarizaci\u00f3n pol\u00edtica.<\/p>\n\n\n\n<p>Pese a la declaraci\u00f3n de culpabilidad, la definici\u00f3n de las penas de prisi\u00f3n ser\u00e1 determinada en una etapa posterior del juicio, donde el Tribunal evaluar\u00e1 los agravantes y atenuantes de la conducta de los condenados. Se espera que las defensas de Sabag Montiel y Uliarte apelen la decisi\u00f3n ante la C\u00e1mara Federal de Casaci\u00f3n Penal, lo que iniciar\u00e1 un largo camino de revisi\u00f3n de la sentencia, un procedimiento est\u00e1ndar que mantendr\u00e1 la causa activa en la esfera judicial por un tiempo considerable.<\/p>\n\n\n\n<p>La condena final por el intento de magnicidio clausura un doloroso cap\u00edtulo de profunda convulsi\u00f3n pol\u00edtica y social. El dictamen de la Justicia se erige como un recordatorio institucional de que los l\u00edmites de la confrontaci\u00f3n pol\u00edtica deben ser infranqueables en el marco democr\u00e1tico, asegurando la integridad de todos los actores institucionales y restableciendo la salud de la Rep\u00fablica frente a la amenaza de la violencia extrema como herramienta de disenso.<\/p>\n","protected":false},"excerpt":{"rendered":"<p>En una sentencia de alto impacto institucional y pol\u00edtico, el Tribunal Oral Federal [Asumir el n\u00famero de TOF] conden\u00f3 este [8 de octubre de 2025] a Fernando Sabag Montiel y Brenda Uliarte por su participaci\u00f3n directa y planificada en el intento de asesinato de la exvicepresidenta Cristina Fern\u00e1ndez de Kirchner. El dictamen judicial marca un [&hellip;]<\/p>\n","protected":false},"author":2,"featured_media":12819,"comment_status":"open","ping_status":"open","sticky":false,"template":"","format":"standard","meta":{"footnotes":""},"categories":[26],"tags":[],"class_list":{"0":"post-12822","1":"post","2":"type-post","3":"status-publish","4":"format-standard","5":"has-post-thumbnail","7":"category-nacionales"},"aioseo_notices":[],"_links":{"self":[{"href":"https:\/\/lalupa24.com.ar\/index.php\/wp-json\/wp\/v2\/posts\/12822","targetHints":{"allow":["GET"]}}],"collection":[{"href":"https:\/\/lalupa24.com.ar\/index.php\/wp-json\/wp\/v2\/posts"}],"about":[{"href":"https:\/\/lalupa24.com.ar\/index.php\/wp-json\/wp\/v2\/types\/post"}],"author":[{"embeddable":true,"href":"https:\/\/lalupa24.com.ar\/index.php\/wp-json\/wp\/v2\/users\/2"}],"replies":[{"embeddable":true,"href":"https:\/\/lalupa24.com.ar\/index.php\/wp-json\/wp\/v2\/comments?post=12822"}],"version-history":[{"count":1,"href":"https:\/\/lalupa24.com.ar\/index.php\/wp-json\/wp\/v2\/posts\/12822\/revisions"}],"predecessor-version":[{"id":12823,"href":"https:\/\/lalupa24.com.ar\/index.php\/wp-json\/wp\/v2\/posts\/12822\/revisions\/12823"}],"wp:featuredmedia":[{"embeddable":true,"href":"https:\/\/lalupa24.com.ar\/index.php\/wp-json\/wp\/v2\/media\/12819"}],"wp:attachment":[{"href":"https:\/\/lalupa24.com.ar\/index.php\/wp-json\/wp\/v2\/media?parent=12822"}],"wp:term":[{"taxonomy":"category","embeddable":true,"href":"https:\/\/lalupa24.com.ar\/index.php\/wp-json\/wp\/v2\/categories?post=12822"},{"taxonomy":"post_tag","embeddable":true,"href":"https:\/\/lalupa24.com.ar\/index.php\/wp-json\/wp\/v2\/tags?post=12822"}],"curies":[{"name":"wp","href":"https:\/\/api.w.org\/{rel}","templated":true}]}}