{"id":12829,"date":"2025-10-08T19:36:05","date_gmt":"2025-10-08T22:36:05","guid":{"rendered":"https:\/\/lalupa24.com.ar\/?p=12829"},"modified":"2025-10-08T19:36:06","modified_gmt":"2025-10-08T22:36:06","slug":"menem-desmiente-la-acusacion-de-amenaza-de-manes-es-falso-le-gusta-la-camara-en-medio-de-la-tension-legislativa","status":"publish","type":"post","link":"https:\/\/lalupa24.com.ar\/index.php\/2025\/10\/08\/menem-desmiente-la-acusacion-de-amenaza-de-manes-es-falso-le-gusta-la-camara-en-medio-de-la-tension-legislativa\/","title":{"rendered":"Menem desmiente la acusaci\u00f3n de amenaza de Manes: &#8220;Es falso, le gusta la c\u00e1mara&#8221; en medio de la tensi\u00f3n legislativa"},"content":{"rendered":"\n<p>El presidente de la C\u00e1mara de Diputados, <strong>Mart\u00edn Menem<\/strong>, neg\u00f3 categ\u00f3ricamente haber amenazado al diputado de la Uni\u00f3n C\u00edvica Radical (<strong>UCR<\/strong>), <strong>Facundo Manes<\/strong>, descalificando la denuncia como una falsedad motivada por la b\u00fasqueda de exposici\u00f3n medi\u00e1tica. La disputa escal\u00f3 en la antesala de una sesi\u00f3n crucial en el Congreso, exponiendo la creciente crispaci\u00f3n entre el oficialismo y una parte de la oposici\u00f3n dialoguista, centrada en el tenso debate por la regulaci\u00f3n de los Decretos de Necesidad y Urgencia (<strong>DNU<\/strong>).<\/p>\n\n\n\n<p>Menem, en una improvisada rueda de prensa, desminti\u00f3 la versi\u00f3n de Manes, quien lo hab\u00eda acusado de &#8220;apretar diputados&#8221; en los pasillos, llegando a advertirle que se ven\u00eda &#8220;una operaci\u00f3n de prensa brutal&#8221; si el bloque lograba el <em>quorum<\/em> para la sesi\u00f3n especial. El presidente de la C\u00e1mara Baja refut\u00f3 que sus palabras al o\u00eddo del legislador se limitaron a informarle que la jornada parlamentaria ser\u00eda &#8220;muy larga&#8221; debido a la extensi\u00f3n del temario a tratar.<\/p>\n\n\n\n<p>La confrontaci\u00f3n se enmarca en un contexto de alta sensibilidad pol\u00edtica. Los bloques de la oposici\u00f3n hab\u00edan convocado a una sesi\u00f3n especial para impulsar un proyecto que busca limitar las facultades del Poder Ejecutivo en el uso de los DNU, una herramienta clave del actual Gobierno que genera fuerte rechazo en parte del arco pol\u00edtico. El oficialismo, por su parte, resiste cualquier intento de acotar estas atribuciones, calificando la iniciativa opositora como &#8220;golpista&#8221;.<\/p>\n\n\n\n<p>Para deslegitimar la denuncia, Menem recurri\u00f3 a un antecedente de meses atr\u00e1s, recordando que Manes ya hab\u00eda mentido al denunciar sin pruebas una supuesta agresi\u00f3n f\u00edsica de parte de un asesor presidencial. El legislador oficialista sugiri\u00f3 que la actitud del neurocirujano es parte de una estrategia para ganar visibilidad. &#8220;Hay diputados a los que se les termina el mandato a fin de a\u00f1o y hacen lo que sea&#8221;, sentenci\u00f3 Menem, apuntando a la proximidad del cierre del per\u00edodo legislativo.<\/p>\n\n\n\n<p>El trasfondo de esta acusaci\u00f3n y desmentida radica en la fragilidad de las mayor\u00edas legislativas y la dificultad del oficialismo para avanzar con su agenda sin negociaciones tensas. La denuncia de intimidaci\u00f3n por parte de un alto cargo institucional, aunque negada, pone en tela de juicio la calidad del di\u00e1logo y el respeto por los procedimientos en el coraz\u00f3n del Poder Legislativo.<\/p>\n\n\n\n<p>Este incidente, m\u00e1s all\u00e1 de la disputa personal, cristaliza la profunda polarizaci\u00f3n que domina el debate p\u00fablico. La necesidad de contar con el <em>quorum<\/em> y los votos para iniciativas clave continuar\u00e1 intensificando este tipo de cruces. Expertos en derecho parlamentario se\u00f1alan que, si bien las tensiones son inherentes al juego pol\u00edtico, la utilizaci\u00f3n de acusaciones de amenazas para presionar en el recinto deteriora la confianza y exacerba la desinstitucionalizaci\u00f3n.<\/p>\n","protected":false},"excerpt":{"rendered":"<p>El presidente de la C\u00e1mara de Diputados, Mart\u00edn Menem, neg\u00f3 categ\u00f3ricamente haber amenazado al diputado de la Uni\u00f3n C\u00edvica Radical (UCR), Facundo Manes, descalificando la denuncia como una falsedad motivada por la b\u00fasqueda de exposici\u00f3n medi\u00e1tica. La disputa escal\u00f3 en la antesala de una sesi\u00f3n crucial en el Congreso, exponiendo la creciente crispaci\u00f3n entre el [&hellip;]<\/p>\n","protected":false},"author":2,"featured_media":5800,"comment_status":"open","ping_status":"open","sticky":false,"template":"","format":"standard","meta":{"footnotes":""},"categories":[26],"tags":[],"class_list":{"0":"post-12829","1":"post","2":"type-post","3":"status-publish","4":"format-standard","5":"has-post-thumbnail","7":"category-nacionales"},"aioseo_notices":[],"_links":{"self":[{"href":"https:\/\/lalupa24.com.ar\/index.php\/wp-json\/wp\/v2\/posts\/12829","targetHints":{"allow":["GET"]}}],"collection":[{"href":"https:\/\/lalupa24.com.ar\/index.php\/wp-json\/wp\/v2\/posts"}],"about":[{"href":"https:\/\/lalupa24.com.ar\/index.php\/wp-json\/wp\/v2\/types\/post"}],"author":[{"embeddable":true,"href":"https:\/\/lalupa24.com.ar\/index.php\/wp-json\/wp\/v2\/users\/2"}],"replies":[{"embeddable":true,"href":"https:\/\/lalupa24.com.ar\/index.php\/wp-json\/wp\/v2\/comments?post=12829"}],"version-history":[{"count":1,"href":"https:\/\/lalupa24.com.ar\/index.php\/wp-json\/wp\/v2\/posts\/12829\/revisions"}],"predecessor-version":[{"id":12830,"href":"https:\/\/lalupa24.com.ar\/index.php\/wp-json\/wp\/v2\/posts\/12829\/revisions\/12830"}],"wp:featuredmedia":[{"embeddable":true,"href":"https:\/\/lalupa24.com.ar\/index.php\/wp-json\/wp\/v2\/media\/5800"}],"wp:attachment":[{"href":"https:\/\/lalupa24.com.ar\/index.php\/wp-json\/wp\/v2\/media?parent=12829"}],"wp:term":[{"taxonomy":"category","embeddable":true,"href":"https:\/\/lalupa24.com.ar\/index.php\/wp-json\/wp\/v2\/categories?post=12829"},{"taxonomy":"post_tag","embeddable":true,"href":"https:\/\/lalupa24.com.ar\/index.php\/wp-json\/wp\/v2\/tags?post=12829"}],"curies":[{"name":"wp","href":"https:\/\/api.w.org\/{rel}","templated":true}]}}