{"id":12843,"date":"2025-10-08T19:40:29","date_gmt":"2025-10-08T22:40:29","guid":{"rendered":"https:\/\/lalupa24.com.ar\/?p=12843"},"modified":"2025-10-08T19:40:30","modified_gmt":"2025-10-08T22:40:30","slug":"reimpresion-de-boletas-en-provincia-de-buenos-aires-junta-electoral-advierte-por-plazos-y-costo-de-12-170-millones","status":"publish","type":"post","link":"https:\/\/lalupa24.com.ar\/index.php\/2025\/10\/08\/reimpresion-de-boletas-en-provincia-de-buenos-aires-junta-electoral-advierte-por-plazos-y-costo-de-12-170-millones\/","title":{"rendered":"Reimpresi\u00f3n de Boletas en Provincia de Buenos Aires: Junta Electoral advierte por plazos y costo de $12.170 millones"},"content":{"rendered":"\n<p>La Junta Electoral de la provincia de Buenos Aires celebr\u00f3 una audiencia crucial para evaluar el pedido de <strong>La Libertad Avanza (LLA)<\/strong> de reimprimir la boleta \u00fanica electoral (BUP) tras la renuncia del candidato a diputado <strong>Jos\u00e9 Luis Espert<\/strong>, y la intenci\u00f3n de la alianza de que <strong>Diego Santilli<\/strong> encabece la n\u00f3mina. El debate puso en alerta a todo el sistema pol\u00edtico por las implicancias log\u00edsticas y econ\u00f3micas, dado que el juez federal <strong>Alejo Ramos Padilla<\/strong> advirti\u00f3 que el proceso de impresi\u00f3n requiere, al menos, <strong>quince d\u00edas<\/strong>, un plazo que comprometer\u00eda la fecha de las elecciones generales del 26 de octubre.<\/p>\n\n\n\n<p>El eje central de la controversia, que se desarroll\u00f3 en el Juzgado Federal de La Plata, se centr\u00f3 en la colisi\u00f3n entre el derecho de la fuerza pol\u00edtica a modificar su propuesta y la <strong>integridad del cronograma electoral<\/strong>. Ramos Padilla fue categ\u00f3rico al se\u00f1alar que la prioridad es garantizar que los <strong>catorce millones de votantes bonaerenses<\/strong> encuentren el instrumento de sufragio correcto, una tarea que se ver\u00eda afectada por cualquier retraso operativo.<\/p>\n\n\n\n<p><strong>El Choque Pol\u00edtico y Presupuestario<\/strong><\/p>\n\n\n\n<p>La oposici\u00f3n, encabezada por los apoderados de <strong>Fuerza Patria<\/strong>, rechaz\u00f3 la reimpresi\u00f3n. Su representante, Eduardo L\u00f3pez Wesselhoefft, argument\u00f3 que la decisi\u00f3n de reimprimir, m\u00e1s all\u00e1 de la buena voluntad, compromete el <strong>orden p\u00fablico electoral<\/strong> y podr\u00eda derivar en un acto electoral &#8220;apurado&#8221; y sin garant\u00edas. La mayor\u00eda de los partidos que intervinieron en la audiencia coincidieron en que el costo y el riesgo log\u00edstico son demasiado altos a pocas semanas de los comicios.<\/p>\n\n\n\n<p>Por su parte, LLA ratific\u00f3 su pedido, asegurando estar en condiciones de afrontar el gasto, estimado en m\u00e1s de <strong>$12.169 millones<\/strong> seg\u00fan un informe oficial del Ministerio del Interior. No obstante, esta oferta fue desestimada por el juez al tratarse de un gasto que, por ley, debe ser afrontado por el Estado. El ministro del Interior, Lisandro Catal\u00e1n, confirm\u00f3 ante la Junta que los cr\u00e9ditos presupuestarios necesarios est\u00e1n disponibles, mitigando el argumento del costo, pero no el de los plazos.<\/p>\n\n\n\n<p>El factor tiempo es el m\u00e1s determinante. Aun si la Junta Electoral, que definir\u00e1 entre hoy y ma\u00f1ana, fallara a favor de la reimpresi\u00f3n, se espera una <strong>apelaci\u00f3n inmediata<\/strong> ante la C\u00e1mara Nacional Electoral por la parte perdedora. Este proceso judicial adicional volver\u00eda a\u00fan m\u00e1s exiguos los tiempos para la producci\u00f3n y distribuci\u00f3n de los millones de boletas y talonarios en toda la provincia de Buenos Aires.<\/p>\n\n\n\n<p>La decisi\u00f3n final de la Justicia Electoral sentar\u00e1 un precedente crucial sobre los l\u00edmites temporales de las modificaciones de candidaturas en un sistema de votaci\u00f3n complejo. Si se autoriza la reimpresi\u00f3n, se validar\u00eda el derecho de la alianza a presentar su nueva figura; si se rechaza, el Gobierno deber\u00e1 enfocarse en lograr el <strong>corrimiento formal de la lista<\/strong> ante la C\u00e1mara para que Santilli sea reconocido como cabeza de lista, aunque su rostro no figure en las papeletas ya impresas.<\/p>\n","protected":false},"excerpt":{"rendered":"<p>La Junta Electoral de la provincia de Buenos Aires celebr\u00f3 una audiencia crucial para evaluar el pedido de La Libertad Avanza (LLA) de reimprimir la boleta \u00fanica electoral (BUP) tras la renuncia del candidato a diputado Jos\u00e9 Luis Espert, y la intenci\u00f3n de la alianza de que Diego Santilli encabece la n\u00f3mina. El debate puso [&hellip;]<\/p>\n","protected":false},"author":2,"featured_media":12833,"comment_status":"open","ping_status":"open","sticky":false,"template":"","format":"standard","meta":{"footnotes":""},"categories":[26],"tags":[],"class_list":{"0":"post-12843","1":"post","2":"type-post","3":"status-publish","4":"format-standard","5":"has-post-thumbnail","7":"category-nacionales"},"aioseo_notices":[],"_links":{"self":[{"href":"https:\/\/lalupa24.com.ar\/index.php\/wp-json\/wp\/v2\/posts\/12843","targetHints":{"allow":["GET"]}}],"collection":[{"href":"https:\/\/lalupa24.com.ar\/index.php\/wp-json\/wp\/v2\/posts"}],"about":[{"href":"https:\/\/lalupa24.com.ar\/index.php\/wp-json\/wp\/v2\/types\/post"}],"author":[{"embeddable":true,"href":"https:\/\/lalupa24.com.ar\/index.php\/wp-json\/wp\/v2\/users\/2"}],"replies":[{"embeddable":true,"href":"https:\/\/lalupa24.com.ar\/index.php\/wp-json\/wp\/v2\/comments?post=12843"}],"version-history":[{"count":1,"href":"https:\/\/lalupa24.com.ar\/index.php\/wp-json\/wp\/v2\/posts\/12843\/revisions"}],"predecessor-version":[{"id":12844,"href":"https:\/\/lalupa24.com.ar\/index.php\/wp-json\/wp\/v2\/posts\/12843\/revisions\/12844"}],"wp:featuredmedia":[{"embeddable":true,"href":"https:\/\/lalupa24.com.ar\/index.php\/wp-json\/wp\/v2\/media\/12833"}],"wp:attachment":[{"href":"https:\/\/lalupa24.com.ar\/index.php\/wp-json\/wp\/v2\/media?parent=12843"}],"wp:term":[{"taxonomy":"category","embeddable":true,"href":"https:\/\/lalupa24.com.ar\/index.php\/wp-json\/wp\/v2\/categories?post=12843"},{"taxonomy":"post_tag","embeddable":true,"href":"https:\/\/lalupa24.com.ar\/index.php\/wp-json\/wp\/v2\/tags?post=12843"}],"curies":[{"name":"wp","href":"https:\/\/api.w.org\/{rel}","templated":true}]}}