{"id":12847,"date":"2025-10-09T08:27:00","date_gmt":"2025-10-09T11:27:00","guid":{"rendered":"https:\/\/lalupa24.com.ar\/?p=12847"},"modified":"2025-10-09T00:30:08","modified_gmt":"2025-10-09T03:30:08","slug":"hallazgo-unico-en-corrientes-descubren-el-cuarto-oso-hormiguero-albino-de-sudamerica-que-sabe-la-ciencia","status":"publish","type":"post","link":"https:\/\/lalupa24.com.ar\/index.php\/2025\/10\/09\/hallazgo-unico-en-corrientes-descubren-el-cuarto-oso-hormiguero-albino-de-sudamerica-que-sabe-la-ciencia\/","title":{"rendered":"Hallazgo \u00fanico en Corrientes: descubren el cuarto oso hormiguero albino de Sudam\u00e9rica, \u00bfqu\u00e9 sabe la ciencia?"},"content":{"rendered":"\n<p>Un ciudadano de Mburucuy\u00e1, Corrientes, fotografi\u00f3 el a\u00f1o pasado a un animal in\u00e9dito: el primer oso hormiguero -o melero- albino documentado en Argentina. Ahora, la ciencia lo investig\u00f3.<\/p>\n\n\n\n<p>El hallazgo representa el cuarto caso de esta anomal\u00eda gen\u00e9tica en Sudam\u00e9rica para la especie Tamandua tetradactyla.<\/p>\n\n\n\n<p>El avistamiento ocurri\u00f3 en un \u00e1rea periurbana de Mburucuy\u00e1, cuando un vecino capt\u00f3 con su tel\u00e9fono m\u00f3vil a un ejemplar adulto de oso hormiguero con albinismo caminando junto a una laguna.<\/p>\n\n\n\n<p>Las fotograf\u00edas muestran despigmentaci\u00f3n total en las extremidades y la cola del animal.<\/p>\n\n\n\n<p>Tras este hallazgo, un equipo de investigadores del CONICET, la Universidad Nacional del Nordeste (UNNE) y Parques Nacionales analizaron las im\u00e1genes y confirmaron la condici\u00f3n.<\/p>\n\n\n\n<p>La Dra. Ver\u00f3nica L. Romero, investigadora con 17 a\u00f1os de experiencia en mam\u00edferos regionales, lider\u00f3 el estudio publicado en la revista cient\u00edfica Mammalogy Notes.<\/p>\n\n\n\n<p>\u00abLas fotograf\u00edas muestran claramente una p\u00e9rdida de pigmentaci\u00f3n en las extremidades y la cola, por lo que podemos confirmar la condici\u00f3n de albinismo\u00bb, explicaron los investigadores en el art\u00edculo cient\u00edfico.<\/p>\n\n\n\n<p>Qu\u00e9 es el albinismo y c\u00f3mo afecta a la fauna silvestre<\/p>\n\n\n\n<p>El albinismo es una condici\u00f3n gen\u00e9tica que provoca la ausencia del pigmento melanina en piel, pelo y ojos.<\/p>\n\n\n\n<p>Esta anomal\u00eda difiere del leucismo, una despigmentaci\u00f3n parcial donde los animales conservan coloraci\u00f3n normal en ojos y extremidades.<\/p>\n\n\n\n<p>Los individuos albinos enfrentan mayores riesgos de depredaci\u00f3n por falta de camuflaje y vulnerabilidad a la radiaci\u00f3n solar.<\/p>\n\n\n\n<p>Tambi\u00e9n pueden presentar capacidad visual reducida y menor \u00e9xito reproductivo.<\/p>\n\n\n\n<p>Sin embargo, el comportamiento nocturno y cr\u00edptico del oso melero podr\u00eda mitigar estos efectos.<\/p>\n\n\n\n<p>Esto explicar\u00eda c\u00f3mo algunos ejemplares con anomal\u00edas crom\u00e1ticas logran alcanzar la edad adulta en vida silvestre.<\/p>\n\n\n\n<p>\u00abEste hallazgo enriquece el conocimiento sobre la variaci\u00f3n crom\u00e1tica dentro de los Xenarthros\u00bb, destaca el estudio publicado en la revista cient\u00edfica.<\/p>\n\n\n\n<p>Y, adem\u00e1s, el caso \u00abdestaca la importancia de la participaci\u00f3n ciudadana en el monitoreo de la biodiversidad\u00ab.<\/p>\n\n\n\n<p>El oso hormiguero, una especie amenazada en Argentina<\/p>\n\n\n\n<p>El Tamandua tetradactyla es un oso hormiguero, o melero, de tama\u00f1o mediano que pesa entre 3.6 y 6 kg.<\/p>\n\n\n\n<p>Se caracteriza por su hocico alargado, cola prensil y extremidades con garras poderosas adaptadas para excavar nidos de hormigas y termitas.<\/p>\n\n\n\n<p>La Uni\u00f3n Internacional para la Conservaci\u00f3n de la Naturaleza (UICN) clasifica a la especie como de \u00abPreocupaci\u00f3n Menor\u00bb a nivel global.<\/p>\n\n\n\n<p>Sin embargo, en Argentina est\u00e1 catalogada como \u00abCasi Amenazado\u00bb debido a la disminuci\u00f3n poblacional registrada en los \u00faltimos 15 a 20 a\u00f1os.<\/p>\n\n\n\n<p>Las principales amenazas incluyen:<\/p>\n\n\n\n<p>incendios forestales,<\/p>\n\n\n\n<p>p\u00e9rdida y fragmentaci\u00f3n de h\u00e1bitats,<\/p>\n\n\n\n<p>atropellamientos en rutas,<\/p>\n\n\n\n<p>ataques de perros dom\u00e9sticos,<\/p>\n\n\n\n<p>caza furtiva.<\/p>\n\n\n\n<p>La especie tiene registros en 14 provincias argentinas y 21 \u00e1reas naturales protegidas.<\/p>\n\n\n\n<p>El contexto cient\u00edfico del hallazgo<\/p>\n\n\n\n<p>Este es el cuarto registro de oso melero albino en Sudam\u00e9rica, sum\u00e1ndose a casos previos en Ecuador, Brasil y Paraguay.<\/p>\n\n\n\n<p>El estudio tambi\u00e9n aclara que las anomal\u00edas crom\u00e1ticas se registran con mayor frecuencia en el orden Pilosa (perezosos y osos hormigueros) que en armadillos.<\/p>\n\n\n\n<p>El descubrimiento, destacan los especialistas, enriquece el conocimiento sobre la variaci\u00f3n crom\u00e1tica en la fauna argentina.<\/p>\n\n\n\n<p>Adem\u00e1s, refuerza la importancia de proteger los humedales correntinos como h\u00e1bitat de especies vulnerables.<\/p>\n\n\n\n<p><\/p>\n","protected":false},"excerpt":{"rendered":"<p>Un ciudadano de Mburucuy\u00e1, Corrientes, fotografi\u00f3 el a\u00f1o pasado a un animal in\u00e9dito: el primer oso hormiguero -o melero- albino documentado en Argentina. Ahora, la ciencia lo investig\u00f3. El hallazgo representa el cuarto caso de esta anomal\u00eda gen\u00e9tica en Sudam\u00e9rica para la especie Tamandua tetradactyla. El avistamiento ocurri\u00f3 en un \u00e1rea periurbana de Mburucuy\u00e1, cuando [&hellip;]<\/p>\n","protected":false},"author":11,"featured_media":12848,"comment_status":"open","ping_status":"open","sticky":false,"template":"","format":"standard","meta":{"footnotes":""},"categories":[28,156],"tags":[],"class_list":{"0":"post-12847","1":"post","2":"type-post","3":"status-publish","4":"format-standard","5":"has-post-thumbnail","7":"category-locales","8":"category-regional"},"aioseo_notices":[],"_links":{"self":[{"href":"https:\/\/lalupa24.com.ar\/index.php\/wp-json\/wp\/v2\/posts\/12847","targetHints":{"allow":["GET"]}}],"collection":[{"href":"https:\/\/lalupa24.com.ar\/index.php\/wp-json\/wp\/v2\/posts"}],"about":[{"href":"https:\/\/lalupa24.com.ar\/index.php\/wp-json\/wp\/v2\/types\/post"}],"author":[{"embeddable":true,"href":"https:\/\/lalupa24.com.ar\/index.php\/wp-json\/wp\/v2\/users\/11"}],"replies":[{"embeddable":true,"href":"https:\/\/lalupa24.com.ar\/index.php\/wp-json\/wp\/v2\/comments?post=12847"}],"version-history":[{"count":1,"href":"https:\/\/lalupa24.com.ar\/index.php\/wp-json\/wp\/v2\/posts\/12847\/revisions"}],"predecessor-version":[{"id":12849,"href":"https:\/\/lalupa24.com.ar\/index.php\/wp-json\/wp\/v2\/posts\/12847\/revisions\/12849"}],"wp:featuredmedia":[{"embeddable":true,"href":"https:\/\/lalupa24.com.ar\/index.php\/wp-json\/wp\/v2\/media\/12848"}],"wp:attachment":[{"href":"https:\/\/lalupa24.com.ar\/index.php\/wp-json\/wp\/v2\/media?parent=12847"}],"wp:term":[{"taxonomy":"category","embeddable":true,"href":"https:\/\/lalupa24.com.ar\/index.php\/wp-json\/wp\/v2\/categories?post=12847"},{"taxonomy":"post_tag","embeddable":true,"href":"https:\/\/lalupa24.com.ar\/index.php\/wp-json\/wp\/v2\/tags?post=12847"}],"curies":[{"name":"wp","href":"https:\/\/api.w.org\/{rel}","templated":true}]}}