{"id":1287,"date":"2024-05-12T14:10:36","date_gmt":"2024-05-12T17:10:36","guid":{"rendered":"https:\/\/lalupa24.com.ar\/?p=1287"},"modified":"2024-05-12T14:10:37","modified_gmt":"2024-05-12T17:10:37","slug":"sameep-reparo-caneria-del-acueducto-colonia-benitez-margarita-belen","status":"publish","type":"post","link":"https:\/\/lalupa24.com.ar\/index.php\/2024\/05\/12\/sameep-reparo-caneria-del-acueducto-colonia-benitez-margarita-belen\/","title":{"rendered":"SAMEEP repar\u00f3 ca\u00f1er\u00eda del acueducto Colonia Benitez- Margarita Bel\u00e9n"},"content":{"rendered":"\n<p>Desde Sameep se informa que se encuentra restablecido el servicio de agua potable en la zona abastecida por el acueducto Colonia Ben\u00edtez \u2013 Margarita Bel\u00e9n, tras reparar la p\u00e9rdida detectada en un ca\u00f1o de PEAD de 355 mm. en el tramo situado sobre avenidas Doctor Antonio \u00c1lvarez Lotero y Juan Manuel de Rosas.*<br>Desde el organismo explicaron que, tras detectarse la p\u00e9rdida, comenzaron los trabajos por parte de la Gerencia de Servicios a cargo de Maximiliano San Mart\u00edn, a trav\u00e9s de la Divisi\u00f3n de Redes de Agua zona norte, posteriormente inici\u00e1ndose el bombeo, lo que permiti\u00f3 que el servicio se normalice paulatinamente.<br>\u201cUna vez que culminaron las tareas, el servicio se normaliza paulatinamente recuperando la presi\u00f3n y el caudal adecuado. Resaltamos la labor y la buena predisposici\u00f3n de los agentes que a toda hora est\u00e1n trabajando en beneficio de los usuarios&#8221;, expres\u00f3 el vocal de Sameep, CPN Rub\u00e9n Hern\u00e1n Custiniano.<br>\u201cEstos trabajos permitir\u00e1n mejorar la calidad del servicio a las comunidades de estas localidades; se hacen las disculpas del caso a los usuarios por los inconvenientes ocasionados&#8221;.<\/p>\n","protected":false},"excerpt":{"rendered":"<p>Desde Sameep se informa que se encuentra restablecido el servicio de agua potable en la zona abastecida por el acueducto Colonia Ben\u00edtez \u2013 Margarita Bel\u00e9n, tras reparar la p\u00e9rdida detectada en un ca\u00f1o de PEAD de 355 mm. en el tramo situado sobre avenidas Doctor Antonio \u00c1lvarez Lotero y Juan Manuel de Rosas.*Desde el organismo [&hellip;]<\/p>\n","protected":false},"author":2,"featured_media":1288,"comment_status":"open","ping_status":"open","sticky":false,"template":"","format":"standard","meta":{"footnotes":""},"categories":[27,28],"tags":[],"class_list":{"0":"post-1287","1":"post","2":"type-post","3":"status-publish","4":"format-standard","5":"has-post-thumbnail","7":"category-interior","8":"category-locales"},"aioseo_notices":[],"_links":{"self":[{"href":"https:\/\/lalupa24.com.ar\/index.php\/wp-json\/wp\/v2\/posts\/1287","targetHints":{"allow":["GET"]}}],"collection":[{"href":"https:\/\/lalupa24.com.ar\/index.php\/wp-json\/wp\/v2\/posts"}],"about":[{"href":"https:\/\/lalupa24.com.ar\/index.php\/wp-json\/wp\/v2\/types\/post"}],"author":[{"embeddable":true,"href":"https:\/\/lalupa24.com.ar\/index.php\/wp-json\/wp\/v2\/users\/2"}],"replies":[{"embeddable":true,"href":"https:\/\/lalupa24.com.ar\/index.php\/wp-json\/wp\/v2\/comments?post=1287"}],"version-history":[{"count":1,"href":"https:\/\/lalupa24.com.ar\/index.php\/wp-json\/wp\/v2\/posts\/1287\/revisions"}],"predecessor-version":[{"id":1289,"href":"https:\/\/lalupa24.com.ar\/index.php\/wp-json\/wp\/v2\/posts\/1287\/revisions\/1289"}],"wp:featuredmedia":[{"embeddable":true,"href":"https:\/\/lalupa24.com.ar\/index.php\/wp-json\/wp\/v2\/media\/1288"}],"wp:attachment":[{"href":"https:\/\/lalupa24.com.ar\/index.php\/wp-json\/wp\/v2\/media?parent=1287"}],"wp:term":[{"taxonomy":"category","embeddable":true,"href":"https:\/\/lalupa24.com.ar\/index.php\/wp-json\/wp\/v2\/categories?post=1287"},{"taxonomy":"post_tag","embeddable":true,"href":"https:\/\/lalupa24.com.ar\/index.php\/wp-json\/wp\/v2\/tags?post=1287"}],"curies":[{"name":"wp","href":"https:\/\/api.w.org\/{rel}","templated":true}]}}