{"id":12952,"date":"2025-10-13T08:25:16","date_gmt":"2025-10-13T11:25:16","guid":{"rendered":"https:\/\/lalupa24.com.ar\/?p=12952"},"modified":"2025-10-13T08:25:17","modified_gmt":"2025-10-13T11:25:17","slug":"la-sombra-del-doble-femicidio-en-cordoba-el-detenido-es-militante-de-varones-unidos-grupo-critico-de-la-perspectiva-de-genero","status":"publish","type":"post","link":"https:\/\/lalupa24.com.ar\/index.php\/2025\/10\/13\/la-sombra-del-doble-femicidio-en-cordoba-el-detenido-es-militante-de-varones-unidos-grupo-critico-de-la-perspectiva-de-genero\/","title":{"rendered":"La sombra del doble femicidio en C\u00f3rdoba: El detenido es militante de &#8220;Varones Unidos&#8221;, grupo cr\u00edtico de la perspectiva de g\u00e9nero"},"content":{"rendered":"\n<p>La detenci\u00f3n de Pablo Laurta, principal sospechoso del doble femicidio de Luna Giardina (24) y Mariel Zamudio (50) en Villa Serrana, C\u00f3rdoba, ha puesto bajo el foco p\u00fablico a la agrupaci\u00f3n &#8220;Varones Unidos&#8221;, un espacio donde el acusado militaba activamente. El caso, que conmociona a la sociedad argentina, ha trascendido la esfera criminal al revelar la vinculaci\u00f3n del presunto femicida con un colectivo que, seg\u00fan su propia definici\u00f3n, busca &#8220;generar un di\u00e1logo real y representativo&#8221; que incorpore la &#8220;perspectiva masculina a las discusiones de g\u00e9nero&#8221;, oponi\u00e9ndose a menudo a la agenda feminista.<\/p>\n\n\n\n<p>La captura de Laurta se produjo en Gualeguaych\u00fa, Entre R\u00edos, donde fue interceptado junto a su hijo de cinco a\u00f1os, P. T. L., quien hab\u00eda sido buscado intensamente tras el hallazgo de los cuerpos de su madre y abuela el s\u00e1bado por la ma\u00f1ana. Fuentes de la investigaci\u00f3n indicaron a <em>Infobae<\/em> que el destino final del sospechoso, de origen uruguayo, presuntamente era cruzar la frontera. El menor se encontraba en buenas condiciones de salud y fue puesto bajo el resguardo de las autoridades competentes.<\/p>\n\n\n\n<p>El inter\u00e9s se centra ahora en la agrupaci\u00f3n &#8220;Varones Unidos&#8221;, cuyo ideario se basa en la premisa de que las actuales pol\u00edticas de g\u00e9nero &#8220;dejan de lado graves problem\u00e1ticas que afectan mayormente o con caracter\u00edsticas especiales al sexo masculino&#8221;, citando entre ellas el suicidio o el fraude. Sus postulados, disponibles en su sitio oficial, enfatizan la necesidad de &#8220;abrir el debate&#8221; para considerar estas &#8220;problem\u00e1ticas masculinas&#8221; que, desde su \u00f3ptica, suelen estar invisibilizadas por el discurso dominante sobre violencia de g\u00e9nero.<\/p>\n\n\n\n<p>Expertos en sociolog\u00eda y estudios de g\u00e9nero se\u00f1alan que movimientos como &#8220;Varones Unidos&#8221; forman parte de una creciente reacci\u00f3n antifeminista que utiliza discursos de &#8220;defensa de los derechos del var\u00f3n&#8221; para cuestionar los avances en equidad y visibilizaci\u00f3n de la violencia machista. Si bien la organizaci\u00f3n se presenta como un espacio de di\u00e1logo que considera a la &#8220;feminidad como complemento natural de la esencia masculina&#8221;, su militancia activa en la cr\u00edtica a la pol\u00edtica de g\u00e9nero es vista por diversos colectivos como un intento de deslegitimar las demandas de las mujeres y reintroducir narrativas mis\u00f3ginas.<\/p>\n\n\n\n<p>El historial del presunto femicida a\u00f1ade capas de oscuridad al caso. Las autoridades investigan si Laurta podr\u00eda estar vinculado a otros cr\u00edmenes de alto impacto, como un incendio fatal en una iglesia de Uruguay donde murieron dos ni\u00f1as, y la desaparici\u00f3n de Mart\u00edn Sebasti\u00e1n Palacio, un chofer de aplicaciones que lo habr\u00eda trasladado de Entre R\u00edos a C\u00f3rdoba. El veh\u00edculo del chofer, un Toyota Corolla, apareci\u00f3 incendiado en C\u00f3rdoba d\u00edas despu\u00e9s, un hecho que complejiza la imputaci\u00f3n por homicidio agravado por el v\u00ednculo y la desaparici\u00f3n del chofer.<\/p>\n\n\n\n<p>La vinculaci\u00f3n del detenido con un grupo de esta naturaleza intensifica el debate p\u00fablico sobre la propagaci\u00f3n de los discursos de odio y las reacciones violentas frente a los movimientos de equidad. Este doble femicidio, que se suma a la preocupante cifra de casos en la provincia de C\u00f3rdoba durante 2025, exige no solo una respuesta judicial contundente, sino tambi\u00e9n una profunda reflexi\u00f3n social sobre c\u00f3mo los colectivos que promueven la invisibilizaci\u00f3n de la violencia de g\u00e9nero pueden operar como caldo de cultivo para la manifestaci\u00f3n m\u00e1s extrema del machismo.<\/p>\n","protected":false},"excerpt":{"rendered":"<p>La detenci\u00f3n de Pablo Laurta, principal sospechoso del doble femicidio de Luna Giardina (24) y Mariel Zamudio (50) en Villa Serrana, C\u00f3rdoba, ha puesto bajo el foco p\u00fablico a la agrupaci\u00f3n &#8220;Varones Unidos&#8221;, un espacio donde el acusado militaba activamente. El caso, que conmociona a la sociedad argentina, ha trascendido la esfera criminal al revelar [&hellip;]<\/p>\n","protected":false},"author":2,"featured_media":12955,"comment_status":"open","ping_status":"open","sticky":false,"template":"","format":"standard","meta":{"footnotes":""},"categories":[155],"tags":[],"class_list":{"0":"post-12952","1":"post","2":"type-post","3":"status-publish","4":"format-standard","5":"has-post-thumbnail","7":"category-policiales"},"aioseo_notices":[],"_links":{"self":[{"href":"https:\/\/lalupa24.com.ar\/index.php\/wp-json\/wp\/v2\/posts\/12952","targetHints":{"allow":["GET"]}}],"collection":[{"href":"https:\/\/lalupa24.com.ar\/index.php\/wp-json\/wp\/v2\/posts"}],"about":[{"href":"https:\/\/lalupa24.com.ar\/index.php\/wp-json\/wp\/v2\/types\/post"}],"author":[{"embeddable":true,"href":"https:\/\/lalupa24.com.ar\/index.php\/wp-json\/wp\/v2\/users\/2"}],"replies":[{"embeddable":true,"href":"https:\/\/lalupa24.com.ar\/index.php\/wp-json\/wp\/v2\/comments?post=12952"}],"version-history":[{"count":1,"href":"https:\/\/lalupa24.com.ar\/index.php\/wp-json\/wp\/v2\/posts\/12952\/revisions"}],"predecessor-version":[{"id":12956,"href":"https:\/\/lalupa24.com.ar\/index.php\/wp-json\/wp\/v2\/posts\/12952\/revisions\/12956"}],"wp:featuredmedia":[{"embeddable":true,"href":"https:\/\/lalupa24.com.ar\/index.php\/wp-json\/wp\/v2\/media\/12955"}],"wp:attachment":[{"href":"https:\/\/lalupa24.com.ar\/index.php\/wp-json\/wp\/v2\/media?parent=12952"}],"wp:term":[{"taxonomy":"category","embeddable":true,"href":"https:\/\/lalupa24.com.ar\/index.php\/wp-json\/wp\/v2\/categories?post=12952"},{"taxonomy":"post_tag","embeddable":true,"href":"https:\/\/lalupa24.com.ar\/index.php\/wp-json\/wp\/v2\/tags?post=12952"}],"curies":[{"name":"wp","href":"https:\/\/api.w.org\/{rel}","templated":true}]}}