{"id":12966,"date":"2025-10-13T08:31:31","date_gmt":"2025-10-13T11:31:31","guid":{"rendered":"https:\/\/lalupa24.com.ar\/?p=12966"},"modified":"2025-10-13T08:31:32","modified_gmt":"2025-10-13T11:31:32","slug":"la-paralisis-legislativa-del-senado-desafia-al-gobierno-bloques-definen-manana-sesion-con-temas-de-alto-riesgo-politico","status":"publish","type":"post","link":"https:\/\/lalupa24.com.ar\/index.php\/2025\/10\/13\/la-paralisis-legislativa-del-senado-desafia-al-gobierno-bloques-definen-manana-sesion-con-temas-de-alto-riesgo-politico\/","title":{"rendered":"La par\u00e1lisis legislativa del Senado desaf\u00eda al Gobierno: Bloques definen ma\u00f1ana sesi\u00f3n con temas de alto riesgo pol\u00edtico"},"content":{"rendered":"\n<p>La actividad en el Senado de la Naci\u00f3n se reactiva esta semana con una reuni\u00f3n crucial de los presidentes de bloque que ma\u00f1ana definir\u00e1 si se convoca a una sesi\u00f3n el pr\u00f3ximo jueves, en medio de una par\u00e1lisis legislativa que complica la agenda del gobierno. Sobre la mesa se encuentran proyectos de ley de alta sensibilidad pol\u00edtica y econ\u00f3mica que, de aprobarse, podr\u00edan debilitar o condicionar la gesti\u00f3n, poniendo en evidencia la compleja aritm\u00e9tica que enfrenta el oficialismo en la C\u00e1mara Alta.<\/p>\n\n\n\n<p>El foco de la deliberaci\u00f3n ma\u00f1ana ser\u00e1 la potencial inclusi\u00f3n de proyectos que tocan \u00e1reas sensibles, como la declaraci\u00f3n de &#8220;inter\u00e9s p\u00fablico y estrat\u00e9gico no enajenable el Desarrollo Nuclear Argentino vinculado con el uso pac\u00edfico de la energ\u00eda nuclear&#8221;. Este proyecto, de ser aprobado, podr\u00eda interpretarse como un blindaje a sectores clave de la energ\u00eda, limitando las posibilidades de futuras reformas o privatizaciones que puedan estar en la hoja de ruta del Ejecutivo.<\/p>\n\n\n\n<p>La tensi\u00f3n se increment\u00f3 con la posibilidad de debatir la insistencia sobre versiones originales de leyes modificadas previamente por el Poder Ejecutivo. Aunque no se precisaron los temas en este momento, las facciones opositoras, que cuentan con la mayor\u00eda necesaria, han demostrado capacidad de coordinaci\u00f3n para avanzar en iniciativas que contravienen los intereses del gobierno central. El antecedente reciente de una &#8220;curiosa ausencia&#8221; del bloque kirchnerista en discusiones previas, sumado a recientes actos compartidos por figuras de la oposici\u00f3n y la vicepresidenta, sugiere un escenario de negociaciones cruzadas y equilibrios fr\u00e1giles.<\/p>\n\n\n\n<p><strong>La Geometr\u00eda Variable de la Oposici\u00f3n<\/strong><\/p>\n\n\n\n<p>La din\u00e1mica en la C\u00e1mara Alta se caracteriza por una &#8220;geometr\u00eda variable&#8221;, donde la oposici\u00f3n se articula en bloques dispersos pero con la capacidad de unirse en votaciones espec\u00edficas. La exaliada libertaria y actual titular de la comisi\u00f3n de Asuntos Constitucionales, Alejandra Vigo, es una figura clave en este entramado de alianzas peronistas disidentes y partidos provinciales que buscan imponer su agenda. Esta fragmentaci\u00f3n obliga al oficialismo a tejer acuerdos permanentes y a ceder en \u00e1reas clave para evitar derrotas legislativas.<\/p>\n\n\n\n<p>Seg\u00fan an\u00e1lisis pol\u00edticos internos, la dificultad del gobierno para consolidar una mayor\u00eda propia en el Senado expone su vulnerabilidad y lo obliga a retrasar proyectos de reforma estructural. El despacho de temas complejos en sesiones ordinarias, en lugar de extraordinarias, indica un retorno a una l\u00f3gica legislativa m\u00e1s predecible para la oposici\u00f3n, permiti\u00e9ndoles organizar mejor la resistencia a las iniciativas oficiales y priorizar las suyas.<\/p>\n\n\n\n<p>La decisi\u00f3n de ma\u00f1ana no solo afectar\u00e1 la agenda legislativa de la semana, sino que proyectar\u00e1 la t\u00f3nica de la relaci\u00f3n entre el Congreso y el Poder Ejecutivo en el tramo final del a\u00f1o. Un rev\u00e9s en temas de alta relevancia pol\u00edtica podr\u00eda intensificar la confrontaci\u00f3n institucional y generar incertidumbre en los mercados, ya sensibles a la falta de estabilidad pol\u00edtica. La gesti\u00f3n de los consensos en el Senado se ha convertido en una prueba de fuego para la gobernabilidad del pa\u00eds.<\/p>\n","protected":false},"excerpt":{"rendered":"<p>La actividad en el Senado de la Naci\u00f3n se reactiva esta semana con una reuni\u00f3n crucial de los presidentes de bloque que ma\u00f1ana definir\u00e1 si se convoca a una sesi\u00f3n el pr\u00f3ximo jueves, en medio de una par\u00e1lisis legislativa que complica la agenda del gobierno. Sobre la mesa se encuentran proyectos de ley de alta [&hellip;]<\/p>\n","protected":false},"author":2,"featured_media":12964,"comment_status":"open","ping_status":"open","sticky":false,"template":"","format":"standard","meta":{"footnotes":""},"categories":[26],"tags":[],"class_list":{"0":"post-12966","1":"post","2":"type-post","3":"status-publish","4":"format-standard","5":"has-post-thumbnail","7":"category-nacionales"},"aioseo_notices":[],"_links":{"self":[{"href":"https:\/\/lalupa24.com.ar\/index.php\/wp-json\/wp\/v2\/posts\/12966","targetHints":{"allow":["GET"]}}],"collection":[{"href":"https:\/\/lalupa24.com.ar\/index.php\/wp-json\/wp\/v2\/posts"}],"about":[{"href":"https:\/\/lalupa24.com.ar\/index.php\/wp-json\/wp\/v2\/types\/post"}],"author":[{"embeddable":true,"href":"https:\/\/lalupa24.com.ar\/index.php\/wp-json\/wp\/v2\/users\/2"}],"replies":[{"embeddable":true,"href":"https:\/\/lalupa24.com.ar\/index.php\/wp-json\/wp\/v2\/comments?post=12966"}],"version-history":[{"count":1,"href":"https:\/\/lalupa24.com.ar\/index.php\/wp-json\/wp\/v2\/posts\/12966\/revisions"}],"predecessor-version":[{"id":12967,"href":"https:\/\/lalupa24.com.ar\/index.php\/wp-json\/wp\/v2\/posts\/12966\/revisions\/12967"}],"wp:featuredmedia":[{"embeddable":true,"href":"https:\/\/lalupa24.com.ar\/index.php\/wp-json\/wp\/v2\/media\/12964"}],"wp:attachment":[{"href":"https:\/\/lalupa24.com.ar\/index.php\/wp-json\/wp\/v2\/media?parent=12966"}],"wp:term":[{"taxonomy":"category","embeddable":true,"href":"https:\/\/lalupa24.com.ar\/index.php\/wp-json\/wp\/v2\/categories?post=12966"},{"taxonomy":"post_tag","embeddable":true,"href":"https:\/\/lalupa24.com.ar\/index.php\/wp-json\/wp\/v2\/tags?post=12966"}],"curies":[{"name":"wp","href":"https:\/\/api.w.org\/{rel}","templated":true}]}}