{"id":12968,"date":"2025-10-13T08:32:02","date_gmt":"2025-10-13T11:32:02","guid":{"rendered":"https:\/\/lalupa24.com.ar\/?p=12968"},"modified":"2025-10-13T08:32:03","modified_gmt":"2025-10-13T11:32:03","slug":"sergio-massa-refuerza-el-perfil-federal-en-santa-fe-y-respalda-a-caren-tepp-en-una-interna-con-dos-oficialismos","status":"publish","type":"post","link":"https:\/\/lalupa24.com.ar\/index.php\/2025\/10\/13\/sergio-massa-refuerza-el-perfil-federal-en-santa-fe-y-respalda-a-caren-tepp-en-una-interna-con-dos-oficialismos\/","title":{"rendered":"Sergio Massa refuerza el perfil federal en Santa Fe y respalda a Caren Tepp en una interna con \u201cdos oficialismos\u201d"},"content":{"rendered":"\n<p>El ministro de Econom\u00eda y referente pol\u00edtico del peronismo, Sergio Massa, realiz\u00f3 un viaje estrat\u00e9gico a Santa Fe para brindar su respaldo expl\u00edcito a Caren Tepp, candidata a un cargo clave por el espacio &#8220;Fuerza Patria&#8221;. La visita, enmarcada en el contexto de la campa\u00f1a electoral, busca consolidar una alternativa peronista en una provincia donde la candidata se enfrenta a lo que el propio sector describe como &#8220;dos oficialismos&#8221;, en referencia a la competencia interna con el kirchnerismo puro y la confrontaci\u00f3n con la alianza oficialista provincial.<\/p>\n\n\n\n<p>El encuentro con Tepp y militantes se centr\u00f3 en la necesidad de ofrecer una opci\u00f3n que combine una perspectiva productiva y federal con la sensibilidad social del peronismo. La estrategia de Massa busca diferenciar a &#8220;Fuerza Patria&#8221; como un espacio que, si bien se inscribe dentro del amplio arco peronista, prioriza una agenda de gesti\u00f3n y desarrollo regional, distanci\u00e1ndose de las tensiones internas y las disputas ideol\u00f3gicas que han caracterizado a otras facciones del movimiento.<\/p>\n\n\n\n<p><strong>La Crucial Disputa en Santa Fe<\/strong><\/p>\n\n\n\n<p>Santa Fe es considerada una de las provincias m\u00e1s relevantes a nivel econ\u00f3mico y electoral, con un fuerte peso en la producci\u00f3n agroindustrial y un electorado que hist\u00f3ricamente ha sido un term\u00f3metro de la pol\u00edtica nacional. El desaf\u00edo para Caren Tepp y el sector que la impulsa radica en capitalizar el descontento o la indefinici\u00f3n del electorado, posicion\u00e1ndose como la opci\u00f3n de gesti\u00f3n frente a la polarizaci\u00f3n. El hecho de competir contra &#8220;dos oficialismos&#8221; (el propio peronismo federal y la estructura provincial) exige una campa\u00f1a de gran movilizaci\u00f3n y diferenciaci\u00f3n de mensajes.<\/p>\n\n\n\n<p>Seg\u00fan analistas pol\u00edticos del \u00e1mbito provincial, la presencia de Massa, uno de los referentes nacionales con mayor proyecci\u00f3n ejecutiva, busca inyectar el capital pol\u00edtico y el reconocimiento de su gesti\u00f3n econ\u00f3mica al espacio de Tepp. El mensaje central se enfoc\u00f3 en la defensa del aparato productivo santafesino y la promesa de una mejor articulaci\u00f3n con el gobierno nacional para impulsar las exportaciones y la infraestructura regional, puntos clave para el electorado de la provincia.<\/p>\n\n\n\n<p>El contexto econ\u00f3mico nacional a\u00f1ade una capa de complejidad a la visita. Massa, en su doble rol de ministro y l\u00edder pol\u00edtico, utiliza estos viajes para equilibrar la gesti\u00f3n con la campa\u00f1a, buscando demostrar capacidad de liderazgo y resoluci\u00f3n de problemas. Su respaldo a una candidata que compite contra estructuras pol\u00edticas establecidas es una se\u00f1al de que busca construir una base de poder territorial propia y leal, clave para cualquier futura proyecci\u00f3n pol\u00edtica a nivel nacional.<\/p>\n\n\n\n<p>La campa\u00f1a en Santa Fe, con la presencia directa de referentes nacionales, se perfila como un campo de pruebas para la reestructuraci\u00f3n del peronismo post-electoral. Si la candidata de &#8220;Fuerza Patria&#8221; logra un resultado significativo a pesar de la doble competencia interna y externa, se podr\u00eda validar la estrategia de Massa de construir un peronismo de centro, enfocado en la producci\u00f3n y la gobernabilidad. El impacto de esta visita se medir\u00e1 en la capacidad de Tepp para ganar tracci\u00f3n en las urnas y consolidar la visi\u00f3n de un peronismo renovado y con vocaci\u00f3n federal.<\/p>\n\n\n\n<p><\/p>\n","protected":false},"excerpt":{"rendered":"<p>El ministro de Econom\u00eda y referente pol\u00edtico del peronismo, Sergio Massa, realiz\u00f3 un viaje estrat\u00e9gico a Santa Fe para brindar su respaldo expl\u00edcito a Caren Tepp, candidata a un cargo clave por el espacio &#8220;Fuerza Patria&#8221;. La visita, enmarcada en el contexto de la campa\u00f1a electoral, busca consolidar una alternativa peronista en una provincia donde [&hellip;]<\/p>\n","protected":false},"author":2,"featured_media":12962,"comment_status":"open","ping_status":"open","sticky":false,"template":"","format":"standard","meta":{"footnotes":""},"categories":[26],"tags":[],"class_list":{"0":"post-12968","1":"post","2":"type-post","3":"status-publish","4":"format-standard","5":"has-post-thumbnail","7":"category-nacionales"},"aioseo_notices":[],"_links":{"self":[{"href":"https:\/\/lalupa24.com.ar\/index.php\/wp-json\/wp\/v2\/posts\/12968","targetHints":{"allow":["GET"]}}],"collection":[{"href":"https:\/\/lalupa24.com.ar\/index.php\/wp-json\/wp\/v2\/posts"}],"about":[{"href":"https:\/\/lalupa24.com.ar\/index.php\/wp-json\/wp\/v2\/types\/post"}],"author":[{"embeddable":true,"href":"https:\/\/lalupa24.com.ar\/index.php\/wp-json\/wp\/v2\/users\/2"}],"replies":[{"embeddable":true,"href":"https:\/\/lalupa24.com.ar\/index.php\/wp-json\/wp\/v2\/comments?post=12968"}],"version-history":[{"count":1,"href":"https:\/\/lalupa24.com.ar\/index.php\/wp-json\/wp\/v2\/posts\/12968\/revisions"}],"predecessor-version":[{"id":12969,"href":"https:\/\/lalupa24.com.ar\/index.php\/wp-json\/wp\/v2\/posts\/12968\/revisions\/12969"}],"wp:featuredmedia":[{"embeddable":true,"href":"https:\/\/lalupa24.com.ar\/index.php\/wp-json\/wp\/v2\/media\/12962"}],"wp:attachment":[{"href":"https:\/\/lalupa24.com.ar\/index.php\/wp-json\/wp\/v2\/media?parent=12968"}],"wp:term":[{"taxonomy":"category","embeddable":true,"href":"https:\/\/lalupa24.com.ar\/index.php\/wp-json\/wp\/v2\/categories?post=12968"},{"taxonomy":"post_tag","embeddable":true,"href":"https:\/\/lalupa24.com.ar\/index.php\/wp-json\/wp\/v2\/tags?post=12968"}],"curies":[{"name":"wp","href":"https:\/\/api.w.org\/{rel}","templated":true}]}}