{"id":13023,"date":"2025-10-14T11:37:40","date_gmt":"2025-10-14T14:37:40","guid":{"rendered":"https:\/\/lalupa24.com.ar\/?p=13023"},"modified":"2025-10-14T11:37:41","modified_gmt":"2025-10-14T14:37:41","slug":"en-pinedo-rotundo-apoyo-a-la-lista-503-con-trabajo-y-honestidad-estamos-escribiendo-una-nueva-historia-para-el-chaco-expreso-guillermo-aguero","status":"publish","type":"post","link":"https:\/\/lalupa24.com.ar\/index.php\/2025\/10\/14\/en-pinedo-rotundo-apoyo-a-la-lista-503-con-trabajo-y-honestidad-estamos-escribiendo-una-nueva-historia-para-el-chaco-expreso-guillermo-aguero\/","title":{"rendered":"EN PINEDO, ROTUNDO APOYO A LA LISTA 503: \u201cCON TRABAJO Y HONESTIDAD ESTAMOS ESCRIBIENDO UNA NUEVA HISTORIA PARA EL CHACO\u201d EXPRES\u00d3 GUILLERMO AG\u00dcERO"},"content":{"rendered":"\n<p>Los candidatos a senadores y diputados nacionales de la lista 503, color violeta, estuvieron en la localidad de General Pinedo como parte de su presentaci\u00f3n de propuestas, rumbo a las elecciones legislativas del 26 de octubre. Durante la jornada, vecinos, militantes e independientes se sumaron con su respaldo a este proyecto pol\u00edtico que busca consolidar un Chaco con desarrollo, oportunidades y transparencia.<\/p>\n\n\n\n<p>Leandro Zdero acompa\u00f1\u00f3 el encuentro y expres\u00f3 su apoyo a todo el equipo que integra la lista 503, quienes ser\u00e1n los encargados de defender en el Congreso la voz de los chaque\u00f1os y seguir construyendo una provincia m\u00e1s unida y con futuro. Al comenzar su discurso, ante una multitud de vecinos, Zdero agradeci\u00f3 por el respaldo permanente y se mostr\u00f3 con expectativas de cara al futuro. \u201cHay un olor a esperanza, hay fragancia a futuro. Algo va a pasar en Pinedo ahora y en 2027 por la cantidad de gente que nos acompa\u00f1a\u201d, mencion\u00f3. Adem\u00e1s, repas\u00f3 los desaf\u00edos que debi\u00f3 afrontar al asumir y record\u00f3 las amenazas que sufri\u00f3 por parte de dirigentes sociales ligados a la gesti\u00f3n anterior. \u201cApenas ganamos la gobernaci\u00f3n, uno de los aliados del gobierno anterior me amenaz\u00f3 a m\u00ed y a mi familia. Me dijo que si no le entregaba los recursos que antes manejaban, me iban a sacar a las patadas de la Casa de Gobierno. Pero demostramos que no tranzamos con las mafias: despejamos las rutas y hoy la gente puede circular en paz\u201d, afirm\u00f3.<br>Zdero tambi\u00e9n destac\u00f3 las pol\u00edticas de seguridad y lucha contra el narcotr\u00e1fico. \u201cFuimos la provincia que m\u00e1s droga incaut\u00f3 en 2024 porque nos aliamos a las fuerzas federales\u201d, remarc\u00f3. En ese sentido, record\u00f3 la reapertura de la Escuela de Polic\u00eda el 10 de diciembre de 2023: \u201cEra posible generar m\u00e1s recursos humanos para cuidar a los chaque\u00f1os\u201d.<br>En materia econ\u00f3mica, subray\u00f3 los avances logrados en menos de dos a\u00f1os de gesti\u00f3n. \u201cNos dec\u00edan que el Chaco no era viable, que la gente no quer\u00eda trabajar, y nosotros bajamos impuestos, llegaron inversiones y se gener\u00f3 empleo genuino. Si en un a\u00f1o y nueve meses logramos lo que otros no hicieron en 16, es porque los chaque\u00f1os somos m\u00e1s fuertes que quienes nos subestiman\u201d, puntualiz\u00f3.<br>Con fuertes cr\u00edticas al kirchnerismo, Zdero asegur\u00f3: \u201cDurante 16 a\u00f1os se enriquecieron unos pocos mientras condenaban a la pobreza a miles de chaque\u00f1os. Gobernaban desde el escritorio, sin escuchar al productor, al docente o al comerciante. Les quitaban la dignidad a las familias con punteros que repart\u00edan lo que era del pueblo\u201d.<br>Para finalizar, llam\u00f3 a los vecinos a defender en las urnas los logros alcanzados. \u201cEl 26 de octubre tenemos que salir con esperanza y convicci\u00f3n. No podemos dejar que vuelvan los mismos que fracasaron y hoy quieren disfrazarse de cambio. Vamos a seguir trabajando con honestidad y esfuerzo para que el Chaco tenga futuro. El cambio reci\u00e9n empieza y depende de nosotros que contin\u00fae\u201d, concluy\u00f3.<\/p>\n\n\n\n<p>SILVANA SCHNEIDER: \u201cTENEMOS QUE DEJAR ATR\u00c1S LA IMPUNIDAD Y DEFENDER EL CAMBIO QUE TANTO NOS COST\u00d3\u201d<br>La vicegobernadora y candidata a senadora nacional, Silvana Schneider, llam\u00f3 a los chaque\u00f1os a unirse en defensa del cambio iniciado junto al gobernador Leandro Zdero. \u201cEsta candidatura representa un enorme compromiso para m\u00ed. Asumo esta responsabilidad con compromiso y me asegurar\u00e9 de gestionar, acompa\u00f1ar y promover las leyes que necesita nuestro gobernador para poner definitivamente al Chaco de pie\u201d, manifest\u00f3.<br>\u201cEste 26 de octubre tenemos dos opciones muy claras: ratificar el cambio que iniciamos en 2023 o volver a la corrupci\u00f3n, la impunidad y los gerentes de la pobreza. Desde General Pinedo se tiene que transmitir bien claro el mensaje de que el kirchnerismo nunca m\u00e1s debe regresar a la provincia\u201d, cerr\u00f3 Schneider.<\/p>\n\n\n\n<p>GUILLERMO AG\u00dcERO: \u201cRECIBIMOS UNA PROVINCIA DIEZMADA Y LA ESTAMOS RECONSTRUYENDO CON TRABAJO Y TRANSPARENCIA\u201d<br>El candidato a diputado nacional, Guillermo Ag\u00fcero, pidi\u00f3 mantener el rumbo del cambio iniciado en 2023 junto al gobernador Zdero y consolidar los avances en educaci\u00f3n, infraestructura y desarrollo productivo. \u201cRecibimos una provincia diezmada, con pobreza extrema, escuelas en crisis y falta de oportunidades.<br>\u201cCada ruta liberada, cada pyme que crece, cada inversi\u00f3n que llega es fruto de este esfuerzo colectivo, y ahora depende de nosotros consolidar un Chaco con oportunidades para todos. Por eso debemos defenderlo el pr\u00f3ximo 26 de octubre\u201d, concluy\u00f3 Ag\u00fcero.<\/p>\n","protected":false},"excerpt":{"rendered":"<p>Los candidatos a senadores y diputados nacionales de la lista 503, color violeta, estuvieron en la localidad de General Pinedo como parte de su presentaci\u00f3n de propuestas, rumbo a las elecciones legislativas del 26 de octubre. Durante la jornada, vecinos, militantes e independientes se sumaron con su respaldo a este proyecto pol\u00edtico que busca consolidar [&hellip;]<\/p>\n","protected":false},"author":2,"featured_media":13024,"comment_status":"open","ping_status":"open","sticky":false,"template":"","format":"standard","meta":{"footnotes":""},"categories":[28],"tags":[],"class_list":{"0":"post-13023","1":"post","2":"type-post","3":"status-publish","4":"format-standard","5":"has-post-thumbnail","7":"category-locales"},"aioseo_notices":[],"_links":{"self":[{"href":"https:\/\/lalupa24.com.ar\/index.php\/wp-json\/wp\/v2\/posts\/13023","targetHints":{"allow":["GET"]}}],"collection":[{"href":"https:\/\/lalupa24.com.ar\/index.php\/wp-json\/wp\/v2\/posts"}],"about":[{"href":"https:\/\/lalupa24.com.ar\/index.php\/wp-json\/wp\/v2\/types\/post"}],"author":[{"embeddable":true,"href":"https:\/\/lalupa24.com.ar\/index.php\/wp-json\/wp\/v2\/users\/2"}],"replies":[{"embeddable":true,"href":"https:\/\/lalupa24.com.ar\/index.php\/wp-json\/wp\/v2\/comments?post=13023"}],"version-history":[{"count":1,"href":"https:\/\/lalupa24.com.ar\/index.php\/wp-json\/wp\/v2\/posts\/13023\/revisions"}],"predecessor-version":[{"id":13025,"href":"https:\/\/lalupa24.com.ar\/index.php\/wp-json\/wp\/v2\/posts\/13023\/revisions\/13025"}],"wp:featuredmedia":[{"embeddable":true,"href":"https:\/\/lalupa24.com.ar\/index.php\/wp-json\/wp\/v2\/media\/13024"}],"wp:attachment":[{"href":"https:\/\/lalupa24.com.ar\/index.php\/wp-json\/wp\/v2\/media?parent=13023"}],"wp:term":[{"taxonomy":"category","embeddable":true,"href":"https:\/\/lalupa24.com.ar\/index.php\/wp-json\/wp\/v2\/categories?post=13023"},{"taxonomy":"post_tag","embeddable":true,"href":"https:\/\/lalupa24.com.ar\/index.php\/wp-json\/wp\/v2\/tags?post=13023"}],"curies":[{"name":"wp","href":"https:\/\/api.w.org\/{rel}","templated":true}]}}