{"id":1306,"date":"2024-05-13T15:30:00","date_gmt":"2024-05-13T18:30:00","guid":{"rendered":"https:\/\/lalupa24.com.ar\/?p=1306"},"modified":"2024-05-13T14:55:26","modified_gmt":"2024-05-13T17:55:26","slug":"analizan-iniciativa-para-exhibir-en-el-transporte-publico-medidas-ante-situaciones-de-acoso-y-violencia-de-genero","status":"publish","type":"post","link":"https:\/\/lalupa24.com.ar\/index.php\/2024\/05\/13\/analizan-iniciativa-para-exhibir-en-el-transporte-publico-medidas-ante-situaciones-de-acoso-y-violencia-de-genero\/","title":{"rendered":"Analizan iniciativa para exhibir en el transporte p\u00fablico medidas ante situaciones de acoso  y violencia de g\u00e9nero"},"content":{"rendered":"\n<p><\/p>\n\n\n\n<p>La Comisi\u00f3n de G\u00e9nero realiz\u00f3 su quinta reuni\u00f3n ordinaria, donde analiz\u00f3 diversas iniciativas entre las cuales se debati\u00f3 sobre el Proyecto de ley 309\/22, \u201cque establece la obligatoriedad de exhibir carteles en todos los medios de transporte p\u00fablico automotor de pasajeros de jurisdicci\u00f3n provincial que contengan informaci\u00f3n relativa a acciones y medidas ante situaciones de acoso o violencias de g\u00e9neros\u201d.<\/p>\n\n\n\n<p>Se trata de una iniciativa del diputado Juan Jos\u00e9 Bergia que contempla adem\u00e1s a \u201ctodas las estaciones de llegada, partida o escala del medio de transporte del que se trate\u201d y propone \u201cdisponer de un espacio visible y destacado a efectos de visualizar la carteler\u00eda mencionada\u201d. Que \u201cdeber\u00e1 ubicarse en un lugar de f\u00e1cil acceso y contar adem\u00e1s con informaci\u00f3n relativa a las l\u00edneas telef\u00f3nicas de ayuda: l\u00ednea gratuita 144, 911, Comisar\u00eda de la Mujer, Centros Territoriales de Denuncias, Centro de Orientaci\u00f3n a la V\u00edctima de Violencia Familiar y Sexual y Atenci\u00f3n Ciudadana\u201d.<\/p>\n\n\n\n<p>Durante la reuni\u00f3n se abord\u00f3 adem\u00e1s el Proyecto de Ley 1099\/23 de ley, que impulsa la Capacitaci\u00f3n Obligatoria en la Tem\u00e1tica de G\u00e9neros y Violencias contra las Mujeres y Diversidades en instituciones deportivas. Iniciativa que se enmarca en la ley nacional 27.499 &#8220;Ley Micaela&#8221; y la ley provincial 2997-G Natalia Samaniego, y est\u00e1 destinada para autoridades y personal que se desempe\u00f1e en todas las instituciones sin fines de lucro, que se encuentren enmarcadas en el r\u00e9gimen legal pertinente, domiciliadas en la provincia del Chaco, dedicadas a la pr\u00e1ctica o promoci\u00f3n de disciplinas deportivas.<\/p>\n\n\n\n<p>Adem\u00e1s, ingres\u00f3 a la Comisi\u00f3n, el Proyecto de Ley 2712\/23, que crea \u201cEl Premio Anual Cecilia Baroni\u201d, para personas que se destaquen en distintas actividades sobre tem\u00e1tica de derecho de familias. Iniciativa del diputado, Rodrigo Ocampo, promueve la entrega anual de dicha menci\u00f3n, cada 16 de noviembre, en conmemoraci\u00f3n al aniversario del fallecimiento de la doctora Mar\u00eda Cecilia Baroni.<\/p>\n\n\n\n<p>Participaron de la Comisi\u00f3n, su presidente, Tere Cubells, junto a sus pares Zulma Galeano, Laura Bisonni, Gladys Gonz\u00e1lez, Mariela Quir\u00f3s, y Santiago P\u00e9rez Pons.<\/p>\n","protected":false},"excerpt":{"rendered":"<p>La Comisi\u00f3n de G\u00e9nero realiz\u00f3 su quinta reuni\u00f3n ordinaria, donde analiz\u00f3 diversas iniciativas entre las cuales se debati\u00f3 sobre el Proyecto de ley 309\/22, \u201cque establece la obligatoriedad de exhibir carteles en todos los medios de transporte p\u00fablico automotor de pasajeros de jurisdicci\u00f3n provincial que contengan informaci\u00f3n relativa a acciones y medidas ante situaciones de [&hellip;]<\/p>\n","protected":false},"author":2,"featured_media":1307,"comment_status":"open","ping_status":"open","sticky":false,"template":"","format":"standard","meta":{"footnotes":""},"categories":[28],"tags":[],"class_list":{"0":"post-1306","1":"post","2":"type-post","3":"status-publish","4":"format-standard","5":"has-post-thumbnail","7":"category-locales"},"aioseo_notices":[],"_links":{"self":[{"href":"https:\/\/lalupa24.com.ar\/index.php\/wp-json\/wp\/v2\/posts\/1306","targetHints":{"allow":["GET"]}}],"collection":[{"href":"https:\/\/lalupa24.com.ar\/index.php\/wp-json\/wp\/v2\/posts"}],"about":[{"href":"https:\/\/lalupa24.com.ar\/index.php\/wp-json\/wp\/v2\/types\/post"}],"author":[{"embeddable":true,"href":"https:\/\/lalupa24.com.ar\/index.php\/wp-json\/wp\/v2\/users\/2"}],"replies":[{"embeddable":true,"href":"https:\/\/lalupa24.com.ar\/index.php\/wp-json\/wp\/v2\/comments?post=1306"}],"version-history":[{"count":1,"href":"https:\/\/lalupa24.com.ar\/index.php\/wp-json\/wp\/v2\/posts\/1306\/revisions"}],"predecessor-version":[{"id":1308,"href":"https:\/\/lalupa24.com.ar\/index.php\/wp-json\/wp\/v2\/posts\/1306\/revisions\/1308"}],"wp:featuredmedia":[{"embeddable":true,"href":"https:\/\/lalupa24.com.ar\/index.php\/wp-json\/wp\/v2\/media\/1307"}],"wp:attachment":[{"href":"https:\/\/lalupa24.com.ar\/index.php\/wp-json\/wp\/v2\/media?parent=1306"}],"wp:term":[{"taxonomy":"category","embeddable":true,"href":"https:\/\/lalupa24.com.ar\/index.php\/wp-json\/wp\/v2\/categories?post=1306"},{"taxonomy":"post_tag","embeddable":true,"href":"https:\/\/lalupa24.com.ar\/index.php\/wp-json\/wp\/v2\/tags?post=1306"}],"curies":[{"name":"wp","href":"https:\/\/api.w.org\/{rel}","templated":true}]}}