{"id":13060,"date":"2025-10-14T13:11:00","date_gmt":"2025-10-14T16:11:00","guid":{"rendered":"https:\/\/lalupa24.com.ar\/?p=13060"},"modified":"2025-10-15T01:14:27","modified_gmt":"2025-10-15T04:14:27","slug":"manifestantes-kirchneristas-agredieron-a-la-policia-en-villa-rio-bermejito","status":"publish","type":"post","link":"https:\/\/lalupa24.com.ar\/index.php\/2025\/10\/14\/manifestantes-kirchneristas-agredieron-a-la-policia-en-villa-rio-bermejito\/","title":{"rendered":"Manifestantes kirchneristas agredieron a la polic\u00eda en Villa R\u00edo Bermejito"},"content":{"rendered":"\n<h4 class=\"wp-block-heading\"><\/h4>\n\n\n\n<p>En la ma\u00f1ana de este martes, efectivos de la Polic\u00eda del Chaco fueron agredidos y lesionados por un grupo de militantes kirchneristas, durante un intento de corte de ruta en la localidad de Villa R\u00edo Bermejito.<br>A pesar de que el intendente local mantuvo una instancia de di\u00e1logo y atenci\u00f3n con los manifestantes, un sector reducido opt\u00f3 por la violencia: arrojaron objetos contundentes e intentaron avanzar sobre el cord\u00f3n policial, provocando lesiones en agentes que cumpl\u00edan con su deber de resguardar la seguridad y la libre circulaci\u00f3n.<br>El Gobierno del Chaco expres\u00f3 su solidaridad y reconocimiento a los polic\u00edas agredidos, destacando su profesionalismo, templanza y compromiso para controlar la situaci\u00f3n.<br>Asimismo, el Ejecutivo reafirm\u00f3 que la provincia no permitir\u00e1 el regreso de los cortes ni los hechos violentos que afecten la convivencia democr\u00e1tica.<br>\u201cLos chaque\u00f1os queremos vivir en paz, con respeto a la ley y a las instituciones. Nuestra Polic\u00eda act\u00faa con firmeza, pero tambi\u00e9n con prudencia, defendiendo a todos los ciudadanos\u201d, se subray\u00f3.<br>Desde el Ministerio de Seguridad y la Jefatura de Polic\u00eda remarcaron que se aplic\u00f3 de manera inmediata el protocolo antipiquetes, garantizando el tr\u00e1nsito y evitando que el hecho escale.<br>\u201cHace casi dos a\u00f1os que el Chaco no sufre cortes de rutas ni calles; este orden logrado es resultado del trabajo constante de nuestros efectivos, que hoy lamentablemente fueron agredidos cumpliendo su deber\u201d, concluyeron<\/p>\n","protected":false},"excerpt":{"rendered":"<p>En la ma\u00f1ana de este martes, efectivos de la Polic\u00eda del Chaco fueron agredidos y lesionados por un grupo de militantes kirchneristas, durante un intento de corte de ruta en la localidad de Villa R\u00edo Bermejito.A pesar de que el intendente local mantuvo una instancia de di\u00e1logo y atenci\u00f3n con los manifestantes, un sector reducido [&hellip;]<\/p>\n","protected":false},"author":2,"featured_media":13061,"comment_status":"open","ping_status":"open","sticky":false,"template":"","format":"standard","meta":{"footnotes":""},"categories":[27],"tags":[],"class_list":{"0":"post-13060","1":"post","2":"type-post","3":"status-publish","4":"format-standard","5":"has-post-thumbnail","7":"category-interior"},"aioseo_notices":[],"_links":{"self":[{"href":"https:\/\/lalupa24.com.ar\/index.php\/wp-json\/wp\/v2\/posts\/13060","targetHints":{"allow":["GET"]}}],"collection":[{"href":"https:\/\/lalupa24.com.ar\/index.php\/wp-json\/wp\/v2\/posts"}],"about":[{"href":"https:\/\/lalupa24.com.ar\/index.php\/wp-json\/wp\/v2\/types\/post"}],"author":[{"embeddable":true,"href":"https:\/\/lalupa24.com.ar\/index.php\/wp-json\/wp\/v2\/users\/2"}],"replies":[{"embeddable":true,"href":"https:\/\/lalupa24.com.ar\/index.php\/wp-json\/wp\/v2\/comments?post=13060"}],"version-history":[{"count":1,"href":"https:\/\/lalupa24.com.ar\/index.php\/wp-json\/wp\/v2\/posts\/13060\/revisions"}],"predecessor-version":[{"id":13062,"href":"https:\/\/lalupa24.com.ar\/index.php\/wp-json\/wp\/v2\/posts\/13060\/revisions\/13062"}],"wp:featuredmedia":[{"embeddable":true,"href":"https:\/\/lalupa24.com.ar\/index.php\/wp-json\/wp\/v2\/media\/13061"}],"wp:attachment":[{"href":"https:\/\/lalupa24.com.ar\/index.php\/wp-json\/wp\/v2\/media?parent=13060"}],"wp:term":[{"taxonomy":"category","embeddable":true,"href":"https:\/\/lalupa24.com.ar\/index.php\/wp-json\/wp\/v2\/categories?post=13060"},{"taxonomy":"post_tag","embeddable":true,"href":"https:\/\/lalupa24.com.ar\/index.php\/wp-json\/wp\/v2\/tags?post=13060"}],"curies":[{"name":"wp","href":"https:\/\/api.w.org\/{rel}","templated":true}]}}