{"id":13149,"date":"2025-10-20T08:47:43","date_gmt":"2025-10-20T11:47:43","guid":{"rendered":"https:\/\/lalupa24.com.ar\/?p=13149"},"modified":"2025-10-20T08:47:44","modified_gmt":"2025-10-20T11:47:44","slug":"la-durisima-frase-de-donald-trump-sobre-argentina-para-justificar-la-ayuda-economica-a-milei","status":"publish","type":"post","link":"https:\/\/lalupa24.com.ar\/index.php\/2025\/10\/20\/la-durisima-frase-de-donald-trump-sobre-argentina-para-justificar-la-ayuda-economica-a-milei\/","title":{"rendered":"LA DUR\u00cdSIMA FRASE DE DONALD TRUMP SOBRE ARGENTINA PARA JUSTIFICAR LA AYUDA ECON\u00d3MICA A MILEI"},"content":{"rendered":"\n<p>La relaci\u00f3n bilateral entre Estados Unidos y Argentina ha cobrado una dimensi\u00f3n de alta tensi\u00f3n a ra\u00edz de una <strong>dur\u00edsima frase<\/strong> emitida por el presidente Donald Trump, utilizada para justificar la continuidad de la ayuda econ\u00f3mica a la administraci\u00f3n de Javier Milei. El comentario, que se enfoc\u00f3 en describir la situaci\u00f3n del pa\u00eds sudamericano con t\u00e9rminos excepcionalmente cr\u00edticos, ha generado un profundo malestar en la clase pol\u00edtica argentina y abri\u00f3 un debate sobre los costos de la alineaci\u00f3n geopol\u00edtica.<\/p>\n\n\n\n<p>La declaraci\u00f3n de Trump, realizada en un contexto de defensa de su pol\u00edtica exterior y de alianzas estrat\u00e9gicas, describi\u00f3 a Argentina con un nivel de crudeza inusual para un jefe de Estado aliado. Analistas de pol\u00edtica internacional se\u00f1alan que, si bien la administraci\u00f3n Milei ha buscado activamente la cercan\u00eda con Washington, la utilizaci\u00f3n de la crisis argentina como <strong>ejemplo de fracaso econ\u00f3mico<\/strong> por parte de Estados Unidos subraya la asimetr\u00eda y el riesgo reputacional de esta alianza.<\/p>\n\n\n\n<h4 class=\"wp-block-heading\">El Costo de la Justificaci\u00f3n Estrat\u00e9gica<\/h4>\n\n\n\n<p>La principal implicancia de la frase es su impacto en la <strong>soberan\u00eda discursiva<\/strong> y la percepci\u00f3n internacional de Argentina. Al ser utilizada por el l\u00edder de la principal potencia mundial para argumentar la necesidad de un <em>rescate<\/em> o apoyo, la declaraci\u00f3n refuerza la narrativa de la &#8220;irrelevancia&#8221; o el &#8220;colapso&#8221; econ\u00f3mico previo. Esto, aunque puede ser aceptado por el Gobierno como parte del diagn\u00f3stico, resulta altamente sensible para la diplomacia y la autoestima nacional.<\/p>\n\n\n\n<p>Expertos en geopol\u00edtica sostienen que la justificaci\u00f3n de Trump es inherentemente pol\u00edtica. Al presentar la ayuda a Milei como una <strong>medida necesaria para evitar un descalabro mayor<\/strong> en la regi\u00f3n, el presidente estadounidense busca dos objetivos: consolidar un basti\u00f3n ideol\u00f3gico en Sudam\u00e9rica y legitimar ante su base electoral el gasto de recursos en el exterior, bajo la premisa de que cualquier alternativa ser\u00eda peor para los intereses de seguridad hemisf\u00e9rica de Washington.<\/p>\n\n\n\n<p>A nivel interno, el Gobierno de Milei debe ahora gestionar el <strong>da\u00f1o discursivo<\/strong> sin poner en riesgo los acuerdos financieros y pol\u00edticos con Estados Unidos, fundamentales para su plan de estabilizaci\u00f3n. La reacci\u00f3n de los bloques opositores ha sido de condena un\u00e1nime, exigiendo al Ejecutivo una respuesta firme que defienda el honor nacional, en un intento por capitalizar el sentimiento de ofensa generado en la opini\u00f3n p\u00fablica.<\/p>\n\n\n\n<p>El incidente subraya la complejidad de las relaciones internacionales bajo el principio de <strong>&#8220;alineamiento total&#8221;<\/strong>. Si bien la ayuda econ\u00f3mica y la validaci\u00f3n geopol\u00edtica son vitales, el precio a pagar puede ser la <strong>sumisi\u00f3n a un relato extranjero<\/strong> que menoscaba la dignidad nacional. El desenlace de esta controversia marcar\u00e1 el tono de la diplomacia argentina en el futuro y la forma en que el pa\u00eds gestiona su imagen en el escenario global de alianzas.<\/p>\n","protected":false},"excerpt":{"rendered":"<p>La relaci\u00f3n bilateral entre Estados Unidos y Argentina ha cobrado una dimensi\u00f3n de alta tensi\u00f3n a ra\u00edz de una dur\u00edsima frase emitida por el presidente Donald Trump, utilizada para justificar la continuidad de la ayuda econ\u00f3mica a la administraci\u00f3n de Javier Milei. El comentario, que se enfoc\u00f3 en describir la situaci\u00f3n del pa\u00eds sudamericano con [&hellip;]<\/p>\n","protected":false},"author":2,"featured_media":13150,"comment_status":"open","ping_status":"open","sticky":false,"template":"","format":"standard","meta":{"footnotes":""},"categories":[24],"tags":[],"class_list":{"0":"post-13149","1":"post","2":"type-post","3":"status-publish","4":"format-standard","5":"has-post-thumbnail","7":"category-economia"},"aioseo_notices":[],"_links":{"self":[{"href":"https:\/\/lalupa24.com.ar\/index.php\/wp-json\/wp\/v2\/posts\/13149","targetHints":{"allow":["GET"]}}],"collection":[{"href":"https:\/\/lalupa24.com.ar\/index.php\/wp-json\/wp\/v2\/posts"}],"about":[{"href":"https:\/\/lalupa24.com.ar\/index.php\/wp-json\/wp\/v2\/types\/post"}],"author":[{"embeddable":true,"href":"https:\/\/lalupa24.com.ar\/index.php\/wp-json\/wp\/v2\/users\/2"}],"replies":[{"embeddable":true,"href":"https:\/\/lalupa24.com.ar\/index.php\/wp-json\/wp\/v2\/comments?post=13149"}],"version-history":[{"count":1,"href":"https:\/\/lalupa24.com.ar\/index.php\/wp-json\/wp\/v2\/posts\/13149\/revisions"}],"predecessor-version":[{"id":13158,"href":"https:\/\/lalupa24.com.ar\/index.php\/wp-json\/wp\/v2\/posts\/13149\/revisions\/13158"}],"wp:featuredmedia":[{"embeddable":true,"href":"https:\/\/lalupa24.com.ar\/index.php\/wp-json\/wp\/v2\/media\/13150"}],"wp:attachment":[{"href":"https:\/\/lalupa24.com.ar\/index.php\/wp-json\/wp\/v2\/media?parent=13149"}],"wp:term":[{"taxonomy":"category","embeddable":true,"href":"https:\/\/lalupa24.com.ar\/index.php\/wp-json\/wp\/v2\/categories?post=13149"},{"taxonomy":"post_tag","embeddable":true,"href":"https:\/\/lalupa24.com.ar\/index.php\/wp-json\/wp\/v2\/tags?post=13149"}],"curies":[{"name":"wp","href":"https:\/\/api.w.org\/{rel}","templated":true}]}}