{"id":13159,"date":"2025-10-20T08:48:16","date_gmt":"2025-10-20T11:48:16","guid":{"rendered":"https:\/\/lalupa24.com.ar\/?p=13159"},"modified":"2025-10-20T08:48:18","modified_gmt":"2025-10-20T11:48:18","slug":"recta-final-electoral-el-gobierno-y-el-peronismo-afrontan-la-definicion-atravesados-por-internas-y-el-fantasma-de-la-derrota","status":"publish","type":"post","link":"https:\/\/lalupa24.com.ar\/index.php\/2025\/10\/20\/recta-final-electoral-el-gobierno-y-el-peronismo-afrontan-la-definicion-atravesados-por-internas-y-el-fantasma-de-la-derrota\/","title":{"rendered":"RECTA FINAL ELECTORAL: EL GOBIERNO Y EL PERONISMO AFRONTAN LA DEFINICI\u00d3N ATRAVESADOS POR INTERNAS Y EL FANTASMA DE LA DERROTA"},"content":{"rendered":"\n<p>La campa\u00f1a electoral argentina ingresa en su fase culminante con las dos principales fuerzas pol\u00edticas, el oficialismo y el peronismo (o la principal coalici\u00f3n opositora), evidenciando profundas fracturas internas y un palpable <strong>temor a la fotograf\u00eda de una derrota<\/strong> que redefina el mapa de poder. Este clima de tensi\u00f3n y las disputas intestinas est\u00e1n condicionando la estrategia de cierre de ambos polos, en lugar de exhibir la fortaleza necesaria para traccionar el voto en la crucial \u00faltima semana.<\/p>\n\n\n\n<p>Por el lado del oficialismo, la recta final se ve enturbiada por el manejo de las listas y la distribuci\u00f3n de recursos a nivel territorial, generando roces significativos entre las facciones que componen la alianza gobernante. La falta de cohesi\u00f3n, especialmente visible en distritos clave, amenaza con una dispersi\u00f3n de votos que podr\u00eda debilitar su posici\u00f3n en el Congreso y afectar la legitimidad de su mandato, obligando al Ejecutivo a <strong>depender fuertemente de la figura presidencial<\/strong> para evitar el descalabro.<\/p>\n\n\n\n<p>En el principal frente peronista, la situaci\u00f3n no es menos convulsa. Las divisiones entre el ala m\u00e1s pragm\u00e1tica y el sector de liderazgo hist\u00f3rico se han acentuado ante la perspectiva de un resultado adverso. Seg\u00fan analistas electorales, esta disputa se centra en la <strong>definici\u00f3n del futuro liderazgo<\/strong> del espacio, donde una derrota electoral significativa podr\u00eda desencadenar una reestructuraci\u00f3n interna profunda, con posibles rupturas y la emergencia de nuevas figuras que busquen capitalizar el descontento de la base.<\/p>\n\n\n\n<p>El &#8220;temor a la derrota&#8221; que impregna ambas coaliciones no es solo electoral, sino tambi\u00e9n narrativo. En la era de la pol\u00edtica digital, la imagen de una ca\u00edda estrepitosa tiene un impacto duradero en la moral militante y la capacidad de rearticulaci\u00f3n post-comicios. Por ello, los esfuerzos de cierre de campa\u00f1a se enfocan m\u00e1s en <strong>movilizar el voto duro<\/strong> y controlar la fiscalizaci\u00f3n, que en seducir a los votantes indecisos, un s\u00edntoma de la baja expectativa de crecimiento en la intenci\u00f3n de voto.<\/p>\n\n\n\n<p>Las implicancias de este escenario de polarizaci\u00f3n fracturada son significativas para el pa\u00eds. Una victoria p\u00edrrica del oficialismo, o una derrota del peronismo sin una voz unificada, auguran un <strong>escenario de ingobernabilidad<\/strong> o de oposici\u00f3n fragmentada en el Congreso. Esto podr\u00eda prolongar la incertidumbre pol\u00edtica y dificultar la aprobaci\u00f3n de leyes estructurales, independientemente de qui\u00e9n sea el vencedor final.<\/p>\n\n\n\n<p>A pocas horas de que rija la veda electoral, la atenci\u00f3n se desplaza de los grandes actos a las operaciones de micro-campa\u00f1a y el control del territorio. El resultado de esta elecci\u00f3n no solo determinar\u00e1 la composici\u00f3n legislativa, sino que ser\u00e1 el <strong>punto de partida para la reconfiguraci\u00f3n interna<\/strong> de los dos grandes bloques, sentando las bases de la pr\u00f3xima fase del ciclo pol\u00edtico argentino y la b\u00fasqueda de nuevos liderazgos que puedan suturar las heridas internas.<\/p>\n","protected":false},"excerpt":{"rendered":"<p>La campa\u00f1a electoral argentina ingresa en su fase culminante con las dos principales fuerzas pol\u00edticas, el oficialismo y el peronismo (o la principal coalici\u00f3n opositora), evidenciando profundas fracturas internas y un palpable temor a la fotograf\u00eda de una derrota que redefina el mapa de poder. Este clima de tensi\u00f3n y las disputas intestinas est\u00e1n condicionando [&hellip;]<\/p>\n","protected":false},"author":2,"featured_media":13151,"comment_status":"open","ping_status":"open","sticky":false,"template":"","format":"standard","meta":{"footnotes":""},"categories":[26],"tags":[],"class_list":{"0":"post-13159","1":"post","2":"type-post","3":"status-publish","4":"format-standard","5":"has-post-thumbnail","7":"category-nacionales"},"aioseo_notices":[],"_links":{"self":[{"href":"https:\/\/lalupa24.com.ar\/index.php\/wp-json\/wp\/v2\/posts\/13159","targetHints":{"allow":["GET"]}}],"collection":[{"href":"https:\/\/lalupa24.com.ar\/index.php\/wp-json\/wp\/v2\/posts"}],"about":[{"href":"https:\/\/lalupa24.com.ar\/index.php\/wp-json\/wp\/v2\/types\/post"}],"author":[{"embeddable":true,"href":"https:\/\/lalupa24.com.ar\/index.php\/wp-json\/wp\/v2\/users\/2"}],"replies":[{"embeddable":true,"href":"https:\/\/lalupa24.com.ar\/index.php\/wp-json\/wp\/v2\/comments?post=13159"}],"version-history":[{"count":1,"href":"https:\/\/lalupa24.com.ar\/index.php\/wp-json\/wp\/v2\/posts\/13159\/revisions"}],"predecessor-version":[{"id":13160,"href":"https:\/\/lalupa24.com.ar\/index.php\/wp-json\/wp\/v2\/posts\/13159\/revisions\/13160"}],"wp:featuredmedia":[{"embeddable":true,"href":"https:\/\/lalupa24.com.ar\/index.php\/wp-json\/wp\/v2\/media\/13151"}],"wp:attachment":[{"href":"https:\/\/lalupa24.com.ar\/index.php\/wp-json\/wp\/v2\/media?parent=13159"}],"wp:term":[{"taxonomy":"category","embeddable":true,"href":"https:\/\/lalupa24.com.ar\/index.php\/wp-json\/wp\/v2\/categories?post=13159"},{"taxonomy":"post_tag","embeddable":true,"href":"https:\/\/lalupa24.com.ar\/index.php\/wp-json\/wp\/v2\/tags?post=13159"}],"curies":[{"name":"wp","href":"https:\/\/api.w.org\/{rel}","templated":true}]}}