{"id":13161,"date":"2025-10-20T08:48:55","date_gmt":"2025-10-20T11:48:55","guid":{"rendered":"https:\/\/lalupa24.com.ar\/?p=13161"},"modified":"2025-10-20T08:48:56","modified_gmt":"2025-10-20T11:48:56","slug":"la-interna-oficialista-dispara-incognitas-sobre-el-futuro-de-la-relacion-entre-el-gobierno-y-el-pro","status":"publish","type":"post","link":"https:\/\/lalupa24.com.ar\/index.php\/2025\/10\/20\/la-interna-oficialista-dispara-incognitas-sobre-el-futuro-de-la-relacion-entre-el-gobierno-y-el-pro\/","title":{"rendered":"LA INTERNA OFICIALISTA DISPARA INC\u00d3GNITAS SOBRE EL FUTURO DE LA RELACI\u00d3N ENTRE EL GOBIERNO Y EL PRO"},"content":{"rendered":"\n<p>La agudizaci\u00f3n de las tensiones internas en el seno de la coalici\u00f3n gobernante ha trascendido las disputas de campa\u00f1a, generando una profunda <strong>inc\u00f3gnita estrat\u00e9gica<\/strong> sobre el futuro de las relaciones con el <strong>PRO (Propuesta Republicana)<\/strong>, un socio clave para la gobernabilidad del Ejecutivo. Las fricciones recientes, motivadas por la distribuci\u00f3n de poder, el alineamiento ideol\u00f3gico y la definici\u00f3n de candidaturas, sugieren que el acuerdo pol\u00edtico podr\u00eda enfrentar un punto de quiebre una vez finalizado el proceso electoral.<\/p>\n\n\n\n<p>El PRO, si bien ha sido un aliado fundamental en la primera etapa de gesti\u00f3n, aportando estructura legislativa y experiencia pol\u00edtica, observa con creciente preocupaci\u00f3n la <strong>radicalizaci\u00f3n discursiva y la exclusi\u00f3n de sus cuadros<\/strong> en \u00e1reas neur\u00e1lgicas del Gobierno. Esta situaci\u00f3n ha provocado que la colaboraci\u00f3n, inicialmente concebida como una sociedad estrat\u00e9gica, se perciba ahora como una <strong>alianza de conveniencia<\/strong>, erosionando la confianza mutua necesaria para sostener proyectos de largo plazo.<\/p>\n\n\n\n<h4 class=\"wp-block-heading\">El Dilema de la Fusi\u00f3n y la Autonom\u00eda<\/h4>\n\n\n\n<p>La disputa subyacente radica en el dilema de la <strong>fusi\u00f3n total<\/strong> versus la <strong>autonom\u00eda pol\u00edtica<\/strong>. Mientras un sector del oficialismo presiona por la absorci\u00f3n de los dirigentes del PRO bajo una \u00fanica bandera, la dirigencia <em>macrista<\/em> busca preservar su identidad y su base territorial, temiendo ser diluida por el fen\u00f3meno unipersonal que sostiene al Gobierno. Esta tensi\u00f3n se manifiesta en el Congreso, donde la coordinaci\u00f3n de los votos se ha vuelto menos autom\u00e1tica y requiere una negociaci\u00f3n constante.<\/p>\n\n\n\n<p>Seg\u00fan analistas pol\u00edticos, el resultado de las elecciones legislativas ser\u00e1 el <strong>catalizador<\/strong> que defina la balanza. Si el Gobierno logra una buena <em>performance<\/em> sin la ayuda decisiva del PRO, intentar\u00e1 imponer sus condiciones, marginando a la vieja dirigencia. Por el contrario, si el oficialismo depende cr\u00edticamente del caudal de votos aportado por el PRO en distritos clave, este \u00faltimo tendr\u00e1 mayor poder de negociaci\u00f3n para exigir espacios de decisi\u00f3n y moderar la agenda.<\/p>\n\n\n\n<p>La figura de los l\u00edderes de ambas fuerzas es central en esta ecuaci\u00f3n. La qu\u00edmica y los acuerdos personales que sostuvieron la alianza inicial est\u00e1n siendo puestos a prueba por las bases y los operadores de segunda l\u00ednea, que compiten por los espacios de poder. La falta de una <strong>hoja de ruta clara y consensuada<\/strong> para el mediano plazo contribuye a la incertidumbre, generando un clima de desconfianza que dificulta la planificaci\u00f3n gubernamental.<\/p>\n\n\n\n<p>En el horizonte, la continuidad de la relaci\u00f3n entre el Gobierno y el PRO no se da por descontada. El resultado electoral definir\u00e1 si la alianza se <strong>profundiza bajo una nueva hegemon\u00eda<\/strong> o si, por el contrario, el PRO decide <strong>retomar una postura de mayor independencia<\/strong>, ubic\u00e1ndose como un polo dialoguista y cr\u00edtico. Este reacomodamiento es crucial, ya que impactar\u00e1 directamente en la capacidad del Ejecutivo para aprobar futuras reformas estructurales, especialmente aquellas que requieran mayor\u00edas especiales en el Poder Legislativo.<\/p>\n","protected":false},"excerpt":{"rendered":"<p>La agudizaci\u00f3n de las tensiones internas en el seno de la coalici\u00f3n gobernante ha trascendido las disputas de campa\u00f1a, generando una profunda inc\u00f3gnita estrat\u00e9gica sobre el futuro de las relaciones con el PRO (Propuesta Republicana), un socio clave para la gobernabilidad del Ejecutivo. Las fricciones recientes, motivadas por la distribuci\u00f3n de poder, el alineamiento ideol\u00f3gico [&hellip;]<\/p>\n","protected":false},"author":2,"featured_media":13152,"comment_status":"open","ping_status":"open","sticky":false,"template":"","format":"standard","meta":{"footnotes":""},"categories":[26],"tags":[],"class_list":{"0":"post-13161","1":"post","2":"type-post","3":"status-publish","4":"format-standard","5":"has-post-thumbnail","7":"category-nacionales"},"aioseo_notices":[],"_links":{"self":[{"href":"https:\/\/lalupa24.com.ar\/index.php\/wp-json\/wp\/v2\/posts\/13161","targetHints":{"allow":["GET"]}}],"collection":[{"href":"https:\/\/lalupa24.com.ar\/index.php\/wp-json\/wp\/v2\/posts"}],"about":[{"href":"https:\/\/lalupa24.com.ar\/index.php\/wp-json\/wp\/v2\/types\/post"}],"author":[{"embeddable":true,"href":"https:\/\/lalupa24.com.ar\/index.php\/wp-json\/wp\/v2\/users\/2"}],"replies":[{"embeddable":true,"href":"https:\/\/lalupa24.com.ar\/index.php\/wp-json\/wp\/v2\/comments?post=13161"}],"version-history":[{"count":1,"href":"https:\/\/lalupa24.com.ar\/index.php\/wp-json\/wp\/v2\/posts\/13161\/revisions"}],"predecessor-version":[{"id":13162,"href":"https:\/\/lalupa24.com.ar\/index.php\/wp-json\/wp\/v2\/posts\/13161\/revisions\/13162"}],"wp:featuredmedia":[{"embeddable":true,"href":"https:\/\/lalupa24.com.ar\/index.php\/wp-json\/wp\/v2\/media\/13152"}],"wp:attachment":[{"href":"https:\/\/lalupa24.com.ar\/index.php\/wp-json\/wp\/v2\/media?parent=13161"}],"wp:term":[{"taxonomy":"category","embeddable":true,"href":"https:\/\/lalupa24.com.ar\/index.php\/wp-json\/wp\/v2\/categories?post=13161"},{"taxonomy":"post_tag","embeddable":true,"href":"https:\/\/lalupa24.com.ar\/index.php\/wp-json\/wp\/v2\/tags?post=13161"}],"curies":[{"name":"wp","href":"https:\/\/api.w.org\/{rel}","templated":true}]}}