{"id":13180,"date":"2025-10-20T08:58:21","date_gmt":"2025-10-20T11:58:21","guid":{"rendered":"https:\/\/lalupa24.com.ar\/?p=13180"},"modified":"2025-10-20T08:58:22","modified_gmt":"2025-10-20T11:58:22","slug":"consolidacion-fiscal-el-gasto-publico-crece-por-debajo-del-pib-y-profundiza-los-recortes-en-subsidios-y-empleo-estatal","status":"publish","type":"post","link":"https:\/\/lalupa24.com.ar\/index.php\/2025\/10\/20\/consolidacion-fiscal-el-gasto-publico-crece-por-debajo-del-pib-y-profundiza-los-recortes-en-subsidios-y-empleo-estatal\/","title":{"rendered":"CONSOLIDACI\u00d3N FISCAL: EL GASTO P\u00daBLICO CRECE POR DEBAJO DEL PIB Y PROFUNDIZA LOS RECORTES EN SUBSIDIOS Y EMPLEO ESTATAL"},"content":{"rendered":"\n<p>La pol\u00edtica de ajuste fiscal implementada por el Gobierno Nacional muestra una consolidaci\u00f3n en el tercer trimestre del a\u00f1o, al registrarse un crecimiento del gasto p\u00fablico total que se ubica <strong>significativamente por debajo de la expansi\u00f3n del Producto Interno Bruto (PIB)<\/strong>. Este diferencial es la evidencia macroecon\u00f3mica m\u00e1s clara de que el plan de estabilizaci\u00f3n avanza, traduci\u00e9ndose en una profundizaci\u00f3n de los recortes en \u00e1reas clave, principalmente en los subsidios econ\u00f3micos y en la reducci\u00f3n del empleo estatal.<\/p>\n\n\n\n<p>La estrategia se centra en modificar la composici\u00f3n y la trayectoria del gasto para asegurar el super\u00e1vit primario, un objetivo considerado esencial para el reordenamiento de las cuentas p\u00fablicas y la reducci\u00f3n de la dependencia del financiamiento deficitario. Al mantener el gasto en t\u00e9rminos reales (ajustado por inflaci\u00f3n) por debajo del crecimiento de la econom\u00eda, el Ejecutivo logra disminuir la <strong>presi\u00f3n fiscal general<\/strong> sobre el sector privado, lo que te\u00f3ricamente sienta las bases para una inversi\u00f3n sostenible.<\/p>\n\n\n\n<h4 class=\"wp-block-heading\">El \u00c9nfasis en el Recorte de Subsidios<\/h4>\n\n\n\n<p>El rubro m\u00e1s afectado por esta pol\u00edtica de contenci\u00f3n es el de <strong>subsidios econ\u00f3micos<\/strong>, particularmente los destinados a la energ\u00eda y el transporte. El Gobierno est\u00e1 avanzando en una hoja de ruta de <strong>sinceramiento tarifario<\/strong> que busca trasladar progresivamente el costo real de los servicios a los usuarios, reduciendo la injerencia del Estado en la econom\u00eda. Si bien este movimiento es el m\u00e1s efectivo para el ajuste fiscal, conlleva un riesgo pol\u00edtico y social por su impacto directo en el poder adquisitivo de los hogares.<\/p>\n\n\n\n<p>Simult\u00e1neamente, la <strong>reducci\u00f3n del empleo estatal<\/strong> y la paralizaci\u00f3n de la renovaci\u00f3n de contratos en la administraci\u00f3n p\u00fablica centralizada y descentralizada contribuyen al freno del gasto corriente. De acuerdo con informes del Ministerio de Econom\u00eda, la no reposici\u00f3n de personal y los programas de retiro voluntario buscan optimizar la estructura del Estado, aunque generan resistencia sindical y debates sobre la capacidad operativa de \u00e1reas sensibles.<\/p>\n\n\n\n<p>Expertos en finanzas p\u00fablicas advierten que, si bien la contenci\u00f3n del gasto es fundamental, la <strong>calidad del ajuste<\/strong> es igualmente importante. Es decir, el desaf\u00edo del Gobierno no es solo recortar, sino garantizar que la inversi\u00f3n p\u00fablica productiva y el gasto social dirigido se mantengan o crezcan, evitando que la austeridad asfixie el incipiente repunte de la actividad econ\u00f3mica que se observa en algunos sectores.<\/p>\n\n\n\n<p>En el horizonte, la continuidad de esta pol\u00edtica fiscal es la clave de la <strong>estabilidad macroecon\u00f3mica<\/strong>. La capacidad del Gobierno para sostener el crecimiento real por encima del gasto ser\u00e1 determinante para asegurar la credibilidad ante los organismos financieros internacionales y los mercados. Este enfoque riguroso, aunque doloroso socialmente, consolida la narrativa oficialista de que el <strong>equilibrio fiscal innegociable<\/strong> es el \u00fanico camino para la reactivaci\u00f3n duradera.<\/p>\n","protected":false},"excerpt":{"rendered":"<p>La pol\u00edtica de ajuste fiscal implementada por el Gobierno Nacional muestra una consolidaci\u00f3n en el tercer trimestre del a\u00f1o, al registrarse un crecimiento del gasto p\u00fablico total que se ubica significativamente por debajo de la expansi\u00f3n del Producto Interno Bruto (PIB). Este diferencial es la evidencia macroecon\u00f3mica m\u00e1s clara de que el plan de estabilizaci\u00f3n [&hellip;]<\/p>\n","protected":false},"author":2,"featured_media":13181,"comment_status":"open","ping_status":"open","sticky":false,"template":"","format":"standard","meta":{"footnotes":""},"categories":[24],"tags":[],"class_list":{"0":"post-13180","1":"post","2":"type-post","3":"status-publish","4":"format-standard","5":"has-post-thumbnail","7":"category-economia"},"aioseo_notices":[],"_links":{"self":[{"href":"https:\/\/lalupa24.com.ar\/index.php\/wp-json\/wp\/v2\/posts\/13180","targetHints":{"allow":["GET"]}}],"collection":[{"href":"https:\/\/lalupa24.com.ar\/index.php\/wp-json\/wp\/v2\/posts"}],"about":[{"href":"https:\/\/lalupa24.com.ar\/index.php\/wp-json\/wp\/v2\/types\/post"}],"author":[{"embeddable":true,"href":"https:\/\/lalupa24.com.ar\/index.php\/wp-json\/wp\/v2\/users\/2"}],"replies":[{"embeddable":true,"href":"https:\/\/lalupa24.com.ar\/index.php\/wp-json\/wp\/v2\/comments?post=13180"}],"version-history":[{"count":1,"href":"https:\/\/lalupa24.com.ar\/index.php\/wp-json\/wp\/v2\/posts\/13180\/revisions"}],"predecessor-version":[{"id":13182,"href":"https:\/\/lalupa24.com.ar\/index.php\/wp-json\/wp\/v2\/posts\/13180\/revisions\/13182"}],"wp:featuredmedia":[{"embeddable":true,"href":"https:\/\/lalupa24.com.ar\/index.php\/wp-json\/wp\/v2\/media\/13181"}],"wp:attachment":[{"href":"https:\/\/lalupa24.com.ar\/index.php\/wp-json\/wp\/v2\/media?parent=13180"}],"wp:term":[{"taxonomy":"category","embeddable":true,"href":"https:\/\/lalupa24.com.ar\/index.php\/wp-json\/wp\/v2\/categories?post=13180"},{"taxonomy":"post_tag","embeddable":true,"href":"https:\/\/lalupa24.com.ar\/index.php\/wp-json\/wp\/v2\/tags?post=13180"}],"curies":[{"name":"wp","href":"https:\/\/api.w.org\/{rel}","templated":true}]}}