{"id":13183,"date":"2025-10-20T08:59:02","date_gmt":"2025-10-20T11:59:02","guid":{"rendered":"https:\/\/lalupa24.com.ar\/?p=13183"},"modified":"2025-10-20T08:59:03","modified_gmt":"2025-10-20T11:59:03","slug":"eje-ideologico-javier-milei-felicito-a-rodrigo-paz-y-celebro-que-bolivia-va-a-ingresar-al-mundo-libre","status":"publish","type":"post","link":"https:\/\/lalupa24.com.ar\/index.php\/2025\/10\/20\/eje-ideologico-javier-milei-felicito-a-rodrigo-paz-y-celebro-que-bolivia-va-a-ingresar-al-mundo-libre\/","title":{"rendered":"EJE IDEOL\u00d3GICO: JAVIER MILEI FELICIT\u00d3 A RODRIGO PAZ Y CELEBR\u00d3 QUE BOLIVIA \u201cVA A INGRESAR AL MUNDO LIBRE\u201d"},"content":{"rendered":"\n<p>El presidente argentino, <strong>Javier Milei<\/strong>, se apresur\u00f3 a felicitar a <strong>Rodrigo Paz<\/strong> por su victoria en el <em>ballotage<\/em> presidencial de Bolivia, utilizando la ocasi\u00f3n para emitir una declaraci\u00f3n de alto contenido ideol\u00f3gico. Milei celebr\u00f3 el triunfo de Paz como un hito que permitir\u00e1 al pa\u00eds andino &#8220;ingresar al mundo libre&#8221;, reafirmando as\u00ed su visi\u00f3n de un eje regional alineado con los principios liberales y de mercado, en clara oposici\u00f3n a los modelos de intervenci\u00f3n estatal predominantes anteriormente.<\/p>\n\n\n\n<p>La felicitaci\u00f3n de Milei, que se produjo pocas horas despu\u00e9s de la confirmaci\u00f3n del resultado electoral, subraya la intenci\u00f3n del Ejecutivo argentino de <strong>consolidar una red de alianzas estrat\u00e9gicas<\/strong> con gobiernos que compartan su visi\u00f3n econ\u00f3mica y geopol\u00edtica. Para el Gobierno argentino, la elecci\u00f3n de Paz no solo es un cambio de signo pol\u00edtico en un pa\u00eds vecino, sino una victoria ideol\u00f3gica que refuerza el discurso de la necesidad de una desregulaci\u00f3n y apertura econ\u00f3mica continental.<\/p>\n\n\n\n<h4 class=\"wp-block-heading\">La Narrativa del &#8220;Mundo Libre&#8221; y el Eje Sur<\/h4>\n\n\n\n<p>La frase &#8220;van a ingresar al mundo libre&#8221; es central en la narrativa de la diplomacia libertaria argentina. Implica una distinci\u00f3n taxativa entre los pa\u00edses que adhieren a las pol\u00edticas de mercado, el respeto a la propiedad privada y la baja intervenci\u00f3n estatal (el &#8220;mundo libre&#8221;), y aquellos que persisten en modelos proteccionistas o socialistas. Esta ret\u00f3rica busca <strong>legitimar la pol\u00edtica exterior argentina<\/strong> y posicionarla como l\u00edder de un bloque ideol\u00f3gico en crecimiento en Am\u00e9rica Latina.<\/p>\n\n\n\n<p>El triunfo de Rodrigo Paz es visto por el Ejecutivo argentino como una <strong>oportunidad geopol\u00edtica<\/strong> para restablecer lazos comerciales y energ\u00e9ticos con Bolivia, bajo un nuevo marco de entendimiento. La alineaci\u00f3n ideol\u00f3gica facilitar\u00eda las negociaciones en \u00e1reas sensibles como el gas y el litio, buscando la complementaci\u00f3n econ\u00f3mica que fue dificultada durante per\u00edodos de mayor tensi\u00f3n pol\u00edtica e ideol\u00f3gica entre ambos pa\u00edses.<\/p>\n\n\n\n<p>Seg\u00fan analistas de relaciones internacionales, el apoyo expl\u00edcito de Milei a Paz es una se\u00f1al directa a otros l\u00edderes regionales que enfrentan procesos electorales o de transici\u00f3n, sugiriendo que la <strong>ola liberal en el continente tiene continuidad<\/strong>. Sin embargo, este enfoque ideologizado de la pol\u00edtica exterior conlleva el riesgo de tensar las relaciones con los pa\u00edses que no comparten esa visi\u00f3n, lo que podr\u00eda complejizar la b\u00fasqueda de acuerdos regionales multilaterales.<\/p>\n\n\n\n<p>En el futuro inmediato, el Gobierno argentino buscar\u00e1 capitalizar esta afinidad para impulsar una <strong>agenda bilateral robusta<\/strong> con Bolivia, con foco en el comercio y la inversi\u00f3n. La celebraci\u00f3n del presidente Milei no es solo un saludo protocolar, sino la confirmaci\u00f3n de la estrategia de construir un <strong>&#8220;Eje Sur&#8221; de naciones pro-mercado<\/strong> que puedan contrarrestar las influencias de los bloques ideol\u00f3gicos opuestos y asegurar una mayor inserci\u00f3n global para ambos pa\u00edses.<\/p>\n","protected":false},"excerpt":{"rendered":"<p>El presidente argentino, Javier Milei, se apresur\u00f3 a felicitar a Rodrigo Paz por su victoria en el ballotage presidencial de Bolivia, utilizando la ocasi\u00f3n para emitir una declaraci\u00f3n de alto contenido ideol\u00f3gico. Milei celebr\u00f3 el triunfo de Paz como un hito que permitir\u00e1 al pa\u00eds andino &#8220;ingresar al mundo libre&#8221;, reafirmando as\u00ed su visi\u00f3n de [&hellip;]<\/p>\n","protected":false},"author":2,"featured_media":13174,"comment_status":"open","ping_status":"open","sticky":false,"template":"","format":"standard","meta":{"footnotes":""},"categories":[26],"tags":[],"class_list":{"0":"post-13183","1":"post","2":"type-post","3":"status-publish","4":"format-standard","5":"has-post-thumbnail","7":"category-nacionales"},"aioseo_notices":[],"_links":{"self":[{"href":"https:\/\/lalupa24.com.ar\/index.php\/wp-json\/wp\/v2\/posts\/13183","targetHints":{"allow":["GET"]}}],"collection":[{"href":"https:\/\/lalupa24.com.ar\/index.php\/wp-json\/wp\/v2\/posts"}],"about":[{"href":"https:\/\/lalupa24.com.ar\/index.php\/wp-json\/wp\/v2\/types\/post"}],"author":[{"embeddable":true,"href":"https:\/\/lalupa24.com.ar\/index.php\/wp-json\/wp\/v2\/users\/2"}],"replies":[{"embeddable":true,"href":"https:\/\/lalupa24.com.ar\/index.php\/wp-json\/wp\/v2\/comments?post=13183"}],"version-history":[{"count":1,"href":"https:\/\/lalupa24.com.ar\/index.php\/wp-json\/wp\/v2\/posts\/13183\/revisions"}],"predecessor-version":[{"id":13184,"href":"https:\/\/lalupa24.com.ar\/index.php\/wp-json\/wp\/v2\/posts\/13183\/revisions\/13184"}],"wp:featuredmedia":[{"embeddable":true,"href":"https:\/\/lalupa24.com.ar\/index.php\/wp-json\/wp\/v2\/media\/13174"}],"wp:attachment":[{"href":"https:\/\/lalupa24.com.ar\/index.php\/wp-json\/wp\/v2\/media?parent=13183"}],"wp:term":[{"taxonomy":"category","embeddable":true,"href":"https:\/\/lalupa24.com.ar\/index.php\/wp-json\/wp\/v2\/categories?post=13183"},{"taxonomy":"post_tag","embeddable":true,"href":"https:\/\/lalupa24.com.ar\/index.php\/wp-json\/wp\/v2\/tags?post=13183"}],"curies":[{"name":"wp","href":"https:\/\/api.w.org\/{rel}","templated":true}]}}