{"id":13187,"date":"2025-10-20T09:00:24","date_gmt":"2025-10-20T12:00:24","guid":{"rendered":"https:\/\/lalupa24.com.ar\/?p=13187"},"modified":"2025-10-20T09:00:25","modified_gmt":"2025-10-20T12:00:25","slug":"trasladan-a-pablo-laurta-a-cordoba-sera-indagado-por-el-doble-femicidio-de-su-expareja-y-su-exsuegra","status":"publish","type":"post","link":"https:\/\/lalupa24.com.ar\/index.php\/2025\/10\/20\/trasladan-a-pablo-laurta-a-cordoba-sera-indagado-por-el-doble-femicidio-de-su-expareja-y-su-exsuegra\/","title":{"rendered":"TRASLADAN A PABLO LAURTA A C\u00d3RDOBA: SER\u00c1 INDAGADO POR EL DOBLE FEMICIDIO DE SU EXPAREJA Y SU EXSUEGRA"},"content":{"rendered":"\n<p>El detenido <strong>Pablo Laurta<\/strong> fue trasladado bajo un fuerte operativo de seguridad a la provincia de C\u00f3rdoba para comparecer ante la Justicia y ser formalmente indagado por el atroz <strong>doble femicidio<\/strong> de su expareja y su exsuegra. Este movimiento judicial es crucial, ya que marca el inicio de la etapa procesal formal donde el acusado enfrentar\u00e1 los cargos de <strong>homicidio agravado por el v\u00ednculo y por mediar violencia de g\u00e9nero<\/strong>, cr\u00edmenes que, de ser probados, conllevan la pena de prisi\u00f3n perpetua.<\/p>\n\n\n\n<p>La investigaci\u00f3n, que conmocion\u00f3 a la opini\u00f3n p\u00fablica por la brutalidad del hecho, se centr\u00f3 en la relaci\u00f3n previa entre Laurta y las v\u00edctimas, lo que permiti\u00f3 a la fiscal\u00eda tipificar el caso como un doble femicidio. El caso pone de relieve la <strong>peligrosidad de la violencia machista<\/strong> y la necesidad de una respuesta institucional r\u00e1pida y contundente ante los antecedentes de riesgo que, seg\u00fan fuentes cercanas a la investigaci\u00f3n, exist\u00edan en el entorno de la expareja.<\/p>\n\n\n\n<h4 class=\"wp-block-heading\">La Indagatoria: Instancia Clave del Proceso<\/h4>\n\n\n\n<p>La audiencia de indagatoria no solo permitir\u00e1 formalizar las imputaciones contra el detenido, sino tambi\u00e9n presentar la evidencia recolectada por la polic\u00eda cient\u00edfica y la fiscal\u00eda. Se espera que los detalles de la <strong>planificaci\u00f3n del crimen<\/strong> y los antecedentes de violencia queden expuestos, fortaleciendo la posici\u00f3n del Ministerio P\u00fablico Fiscal. Este acto procesal es la oportunidad legal para que Laurta brinde su versi\u00f3n de los hechos o haga uso de su derecho constitucional a guardar silencio.<\/p>\n\n\n\n<p>El traslado de Laurta y el inicio de las indagatorias se dan en un contexto de intensa <strong>demanda social por justicia<\/strong> y de repudio a la violencia de g\u00e9nero. Organizaciones sociales y feministas han acompa\u00f1ado el proceso, exigiendo celeridad y rigor en la investigaci\u00f3n para garantizar que el caso se resuelva con la m\u00e1xima pena posible, sentando un precedente contra la impunidad en los cr\u00edmenes de g\u00e9nero.<\/p>\n\n\n\n<p>Los fiscales a cargo han trabajado meticulosamente en la recolecci\u00f3n de pruebas, incluyendo testimonios, pericias forenses y an\u00e1lisis de comunicaciones, buscando establecer la alevos\u00eda y el m\u00f3vil de g\u00e9nero detr\u00e1s de los asesinatos. La solidez de la prueba ser\u00e1 vital en las pr\u00f3ximas instancias, especialmente en la etapa de elevaci\u00f3n a juicio, donde la fiscal\u00eda buscar\u00e1 demostrar la <strong>premeditaci\u00f3n y la intenci\u00f3n de dominio<\/strong> del femicida.<\/p>\n\n\n\n<p>En retrospectiva, el caso de Pablo Laurta se convierte en un nuevo y tr\u00e1gico emblema de la violencia machista en Argentina. El proceso judicial que se inicia en C\u00f3rdoba no solo busca castigar un doble crimen, sino tambi\u00e9n enviar un mensaje claro sobre la <strong>tolerancia cero del Estado frente a la violencia de g\u00e9nero<\/strong> y la protecci\u00f3n de las v\u00edctimas. La sociedad espera que esta indagatoria sea el primer paso firme hacia una condena ejemplar.<\/p>\n","protected":false},"excerpt":{"rendered":"<p>El detenido Pablo Laurta fue trasladado bajo un fuerte operativo de seguridad a la provincia de C\u00f3rdoba para comparecer ante la Justicia y ser formalmente indagado por el atroz doble femicidio de su expareja y su exsuegra. Este movimiento judicial es crucial, ya que marca el inicio de la etapa procesal formal donde el acusado [&hellip;]<\/p>\n","protected":false},"author":2,"featured_media":13176,"comment_status":"open","ping_status":"open","sticky":false,"template":"","format":"standard","meta":{"footnotes":""},"categories":[26],"tags":[],"class_list":{"0":"post-13187","1":"post","2":"type-post","3":"status-publish","4":"format-standard","5":"has-post-thumbnail","7":"category-nacionales"},"aioseo_notices":[],"_links":{"self":[{"href":"https:\/\/lalupa24.com.ar\/index.php\/wp-json\/wp\/v2\/posts\/13187","targetHints":{"allow":["GET"]}}],"collection":[{"href":"https:\/\/lalupa24.com.ar\/index.php\/wp-json\/wp\/v2\/posts"}],"about":[{"href":"https:\/\/lalupa24.com.ar\/index.php\/wp-json\/wp\/v2\/types\/post"}],"author":[{"embeddable":true,"href":"https:\/\/lalupa24.com.ar\/index.php\/wp-json\/wp\/v2\/users\/2"}],"replies":[{"embeddable":true,"href":"https:\/\/lalupa24.com.ar\/index.php\/wp-json\/wp\/v2\/comments?post=13187"}],"version-history":[{"count":1,"href":"https:\/\/lalupa24.com.ar\/index.php\/wp-json\/wp\/v2\/posts\/13187\/revisions"}],"predecessor-version":[{"id":13188,"href":"https:\/\/lalupa24.com.ar\/index.php\/wp-json\/wp\/v2\/posts\/13187\/revisions\/13188"}],"wp:featuredmedia":[{"embeddable":true,"href":"https:\/\/lalupa24.com.ar\/index.php\/wp-json\/wp\/v2\/media\/13176"}],"wp:attachment":[{"href":"https:\/\/lalupa24.com.ar\/index.php\/wp-json\/wp\/v2\/media?parent=13187"}],"wp:term":[{"taxonomy":"category","embeddable":true,"href":"https:\/\/lalupa24.com.ar\/index.php\/wp-json\/wp\/v2\/categories?post=13187"},{"taxonomy":"post_tag","embeddable":true,"href":"https:\/\/lalupa24.com.ar\/index.php\/wp-json\/wp\/v2\/tags?post=13187"}],"curies":[{"name":"wp","href":"https:\/\/api.w.org\/{rel}","templated":true}]}}