{"id":13191,"date":"2025-10-20T09:03:48","date_gmt":"2025-10-20T12:03:48","guid":{"rendered":"https:\/\/lalupa24.com.ar\/?p=13191"},"modified":"2025-10-20T09:03:49","modified_gmt":"2025-10-20T12:03:49","slug":"furor-albiceleste-en-austin-la-locura-por-colapinto-en-el-gp-de-eeuu-con-piloto-colgado-del-alambrado-y-hit-de-los-hinchas","status":"publish","type":"post","link":"https:\/\/lalupa24.com.ar\/index.php\/2025\/10\/20\/furor-albiceleste-en-austin-la-locura-por-colapinto-en-el-gp-de-eeuu-con-piloto-colgado-del-alambrado-y-hit-de-los-hinchas\/","title":{"rendered":"FUROR ALBICELESTE EN AUSTIN: LA LOCURA POR COLAPINTO EN EL GP DE EEUU, CON PILOTO \u2018COLGADO\u2019 DEL ALAMBRADO Y HIT DE LOS HINCHAS"},"content":{"rendered":"\n<p>La presencia del piloto argentino <strong>Franco Colapinto<\/strong> en las actividades del Gran Premio de Estados Unidos de F\u00f3rmula 1 desat\u00f3 una verdadera &#8220;locura albiceleste&#8221; en el Circuito de las Am\u00e9ricas, marcando el fervor de los aficionados argentinos por el regreso de un compatriota a la \u00f3rbita de la m\u00e1xima categor\u00eda. El punto c\u00falmine de este fanatismo se vivi\u00f3 cuando el propio piloto, superando los protocolos de seguridad, se &#8220;colg\u00f3&#8221; del alambrado para interactuar con la tribuna, un momento inmortalizado en un video viral.<\/p>\n\n\n\n<p>El evento trascendi\u00f3 la mera participaci\u00f3n de Colapinto como piloto de pruebas o de la Academia, transform\u00e1ndose en una <strong>demostraci\u00f3n de apoyo masivo<\/strong> y en una fiesta popular. Los <em>fans<\/em> argentinos, que viajaron a Austin o residen en Estados Unidos, organizaron un rinc\u00f3n de tribuna exclusivamente dedicado al joven, buscando replicar la atm\u00f3sfera de pasi\u00f3n que rodea a la Selecci\u00f3n Argentina de f\u00fatbol.<\/p>\n\n\n\n<h4 class=\"wp-block-heading\">El Nuevo <em>Hit<\/em> de la Tribuna para la F1<\/h4>\n\n\n\n<p>Un elemento central de este fen\u00f3meno fue la creaci\u00f3n de un <strong><em>hit<\/em> musical<\/strong> espec\u00edfico para el piloto, una adaptaci\u00f3n de c\u00e1nticos populares que reson\u00f3 en el <em>paddock<\/em> y que, seg\u00fan reportes de prensa especializados, llam\u00f3 la atenci\u00f3n de la propia c\u00fapula de Alpine y de otros equipos. Este tipo de apoyo incondicional y ruidoso no es habitual en la F1, un deporte tradicionalmente m\u00e1s sobrio, y a\u00f1ade un condimento de pasi\u00f3n latina al circuito.<\/p>\n\n\n\n<p>La imagen de Colapinto suspendido del alambrado, agradeciendo el apoyo e interactuando con la multitud, es una poderosa <strong>se\u00f1al del <em>engagement<\/em><\/strong> que el joven talento genera entre el p\u00fablico. Este contacto directo y emotivo no solo fortalece su base de seguidores, sino que tambi\u00e9n le otorga un valor de <em>marketing<\/em> invaluable, un factor que las escuder\u00edas de F1 consideran cada vez m\u00e1s al momento de definir su alineaci\u00f3n de pilotos.<\/p>\n\n\n\n<p>Expertos en <em>branding<\/em> deportivo sugieren que este nivel de fervor es un activo que el piloto y Alpine deben capitalizar. La F1 ha buscado expandir su mercado en Am\u00e9rica y la figura de un piloto sudamericano con un seguimiento tan apasionado es una <strong>oportunidad comercial<\/strong> para patrocinadores y para la propia categor\u00eda, facilitando su inserci\u00f3n en un mercado hist\u00f3ricamente dominado por Europa.<\/p>\n\n\n\n<p>En retrospectiva, la participaci\u00f3n de Colapinto en el GP de EEUU no se recordar\u00e1 solo por sus vueltas en pista, sino por la <strong>manifestaci\u00f3n de afecto popular<\/strong> que desat\u00f3. El furor por el argentino en Austin es un indicio claro de la expectativa que rodea su eventual debut en la F\u00f3rmula 1, un factor de impulso que ya est\u00e1 jugando a favor de su ascenso a la m\u00e1xima categor\u00eda.<\/p>\n","protected":false},"excerpt":{"rendered":"<p>La presencia del piloto argentino Franco Colapinto en las actividades del Gran Premio de Estados Unidos de F\u00f3rmula 1 desat\u00f3 una verdadera &#8220;locura albiceleste&#8221; en el Circuito de las Am\u00e9ricas, marcando el fervor de los aficionados argentinos por el regreso de un compatriota a la \u00f3rbita de la m\u00e1xima categor\u00eda. El punto c\u00falmine de este [&hellip;]<\/p>\n","protected":false},"author":2,"featured_media":13192,"comment_status":"open","ping_status":"open","sticky":false,"template":"","format":"standard","meta":{"footnotes":""},"categories":[100],"tags":[],"class_list":{"0":"post-13191","1":"post","2":"type-post","3":"status-publish","4":"format-standard","5":"has-post-thumbnail","7":"category-deportes"},"aioseo_notices":[],"_links":{"self":[{"href":"https:\/\/lalupa24.com.ar\/index.php\/wp-json\/wp\/v2\/posts\/13191","targetHints":{"allow":["GET"]}}],"collection":[{"href":"https:\/\/lalupa24.com.ar\/index.php\/wp-json\/wp\/v2\/posts"}],"about":[{"href":"https:\/\/lalupa24.com.ar\/index.php\/wp-json\/wp\/v2\/types\/post"}],"author":[{"embeddable":true,"href":"https:\/\/lalupa24.com.ar\/index.php\/wp-json\/wp\/v2\/users\/2"}],"replies":[{"embeddable":true,"href":"https:\/\/lalupa24.com.ar\/index.php\/wp-json\/wp\/v2\/comments?post=13191"}],"version-history":[{"count":1,"href":"https:\/\/lalupa24.com.ar\/index.php\/wp-json\/wp\/v2\/posts\/13191\/revisions"}],"predecessor-version":[{"id":13194,"href":"https:\/\/lalupa24.com.ar\/index.php\/wp-json\/wp\/v2\/posts\/13191\/revisions\/13194"}],"wp:featuredmedia":[{"embeddable":true,"href":"https:\/\/lalupa24.com.ar\/index.php\/wp-json\/wp\/v2\/media\/13192"}],"wp:attachment":[{"href":"https:\/\/lalupa24.com.ar\/index.php\/wp-json\/wp\/v2\/media?parent=13191"}],"wp:term":[{"taxonomy":"category","embeddable":true,"href":"https:\/\/lalupa24.com.ar\/index.php\/wp-json\/wp\/v2\/categories?post=13191"},{"taxonomy":"post_tag","embeddable":true,"href":"https:\/\/lalupa24.com.ar\/index.php\/wp-json\/wp\/v2\/tags?post=13191"}],"curies":[{"name":"wp","href":"https:\/\/api.w.org\/{rel}","templated":true}]}}