{"id":13209,"date":"2025-10-20T12:22:17","date_gmt":"2025-10-20T15:22:17","guid":{"rendered":"https:\/\/lalupa24.com.ar\/?p=13209"},"modified":"2025-10-20T12:22:18","modified_gmt":"2025-10-20T15:22:18","slug":"negociacion-por-el-presupuesto-2026-menen-benegas-lynch-y-guberman-encabezan-la-reunion-en-diputados","status":"publish","type":"post","link":"https:\/\/lalupa24.com.ar\/index.php\/2025\/10\/20\/negociacion-por-el-presupuesto-2026-menen-benegas-lynch-y-guberman-encabezan-la-reunion-en-diputados\/","title":{"rendered":"Negociaci\u00f3n por el Presupuesto 2026: Menen, Benegas Lynch y Guberman encabezan la reuni\u00f3n en Diputados"},"content":{"rendered":"\n<p>La reuni\u00f3n cuenta con la presencia de legisladores oficialistas y de los bloques dialoguistas<\/p>\n\n\n\n<p>Funcionarios del Gobierno se re\u00fanen con diputados oficialistas y dialoguistas en la C\u00e1mara de Diputados para analizar el proyecto de Presupuesto 2026, a fin de buscar superar las diferencias que mantienen sobre diversos puntos de la iniciativa oficial.<\/p>\n\n\n\n<p>La reuni\u00f3n se realiza a puertas cerradas en la presidencia del cuerpo legislativo con la presencia de su titular Mart\u00edn Menen, el presidente de la comisi\u00f3n de Presupuesto Bertie Benegas Lynch, el secretario de Hacienda, Carlos Guberman y el vicejefe de Gabinete, Jos\u00e9 Rolandi.<\/p>\n\n\n\n<p>Asisten por los diputados Nicolas Massot y Miguel Angel Pichetto (Encuentro Federal), Daiana&nbsp; Fern\u00e1ndez Morlero y Silvana Guidici,&nbsp; (PRO), Eduardo Falcone (Desarrollo)&nbsp; Pablo Juliano y Manuel Aguirre,&nbsp; (Democracia para Siempre), Mart\u00edn Tetaz , Pamela Verasay, y Karina Banfi (UCR), Manuel Garrido (Por Santa Cruz) y Pablo Cervi (Liga del Interior).<\/p>\n\n\n\n<p>En cambio, el bloque de diputados de UxP fue invitado pero desisti\u00f3 de concurrir porque sostiene que las discusiones solo se deben realizar en las reuniones formales de la comisi\u00f3n, seg\u00fan se\u00f1al\u00f3 el presidente del bloque Germ\u00e1n Mart\u00ednez.<\/p>\n\n\n\n<p>La intenci\u00f3n del encuentro es empezar a debatir las diferencias entre el Gobierno y los bloques dialoguistas ya que son claves para poder aprobar el proyecto de Presupuesto 2026 impulsado por el Gobierno Nacional.<\/p>\n\n\n\n<p>Las principales diferencias est\u00e1n centradas en los recursos que se destinar\u00e1n a jubilados, la educaci\u00f3n, la salud, y las obras p\u00fablicas.<\/p>\n\n\n\n<p>Las dificultades para lograr avanzar en un acuerdo que el Gobierno Nacional dice que cualquier acuerdo debe mantener el equilibrio fiscal y ya 85 % de los recursos de esa iniciativa ya tienen asignaci\u00f3n espec\u00edfica debido a que se destinan al rubro \u201cgastos sociales\u201d.<\/p>\n\n\n\n<p>DATOS<\/p>\n\n\n\n<p>El proyecto de Presupuesto que se pondr\u00e1 en discusi\u00f3n plantea un aumento de la econom\u00eda del 5% del PBI, una inflaci\u00f3n del 10,1%; un d\u00f3lar de 1423 a diciembre de 2026, y se proyecta incrementos del 10,6 % de las exportaciones, y 11 % de importaciones.<\/p>\n\n\n\n<p>Tambi\u00e9n fija que los gastos totales ser\u00e1n de 148 billones de pesos, con recursos de 148,2 billones de pesos, con lo cual espera tener un superavit primario de 2 billones de pesos.<\/p>\n\n\n\n<p>Tambi\u00e9n contempla como aumentos en jubilaciones, discapacidad, educaci\u00f3n y salud, pero desde la oposici\u00f3n se\u00f1alan que no alcanza para compensar los atrasos que tiene en esos sectores, y reclaman que se vuelve a aplicar la ley de financiamiento educativo que contempla que el 6% del PBI se aplique a ese \u00e1rea.<\/p>\n\n\n\n<p>Se trata del 5% en las partidas destinadas a jubilados, del 17 en las de salud, y del 5 en los recursos derivados al pago de pensiones, mientras que se aumentar\u00e1n a 4,8 billones los recursos para Universidades.<\/p>\n\n\n\n<p>En el proyecto girado en 2024, el Gobierno contemplaba recursos por 3,6 billones de pesos, pero las Universidades solicitaron 7,2 billones de pesos, y en este punto no hubo acuerdo entre oficialismo y oposici\u00f3n.<\/p>\n","protected":false},"excerpt":{"rendered":"<p>La reuni\u00f3n cuenta con la presencia de legisladores oficialistas y de los bloques dialoguistas Funcionarios del Gobierno se re\u00fanen con diputados oficialistas y dialoguistas en la C\u00e1mara de Diputados para analizar el proyecto de Presupuesto 2026, a fin de buscar superar las diferencias que mantienen sobre diversos puntos de la iniciativa oficial. La reuni\u00f3n se [&hellip;]<\/p>\n","protected":false},"author":11,"featured_media":13210,"comment_status":"open","ping_status":"open","sticky":false,"template":"","format":"standard","meta":{"footnotes":""},"categories":[26],"tags":[],"class_list":{"0":"post-13209","1":"post","2":"type-post","3":"status-publish","4":"format-standard","5":"has-post-thumbnail","7":"category-nacionales"},"aioseo_notices":[],"_links":{"self":[{"href":"https:\/\/lalupa24.com.ar\/index.php\/wp-json\/wp\/v2\/posts\/13209","targetHints":{"allow":["GET"]}}],"collection":[{"href":"https:\/\/lalupa24.com.ar\/index.php\/wp-json\/wp\/v2\/posts"}],"about":[{"href":"https:\/\/lalupa24.com.ar\/index.php\/wp-json\/wp\/v2\/types\/post"}],"author":[{"embeddable":true,"href":"https:\/\/lalupa24.com.ar\/index.php\/wp-json\/wp\/v2\/users\/11"}],"replies":[{"embeddable":true,"href":"https:\/\/lalupa24.com.ar\/index.php\/wp-json\/wp\/v2\/comments?post=13209"}],"version-history":[{"count":1,"href":"https:\/\/lalupa24.com.ar\/index.php\/wp-json\/wp\/v2\/posts\/13209\/revisions"}],"predecessor-version":[{"id":13211,"href":"https:\/\/lalupa24.com.ar\/index.php\/wp-json\/wp\/v2\/posts\/13209\/revisions\/13211"}],"wp:featuredmedia":[{"embeddable":true,"href":"https:\/\/lalupa24.com.ar\/index.php\/wp-json\/wp\/v2\/media\/13210"}],"wp:attachment":[{"href":"https:\/\/lalupa24.com.ar\/index.php\/wp-json\/wp\/v2\/media?parent=13209"}],"wp:term":[{"taxonomy":"category","embeddable":true,"href":"https:\/\/lalupa24.com.ar\/index.php\/wp-json\/wp\/v2\/categories?post=13209"},{"taxonomy":"post_tag","embeddable":true,"href":"https:\/\/lalupa24.com.ar\/index.php\/wp-json\/wp\/v2\/tags?post=13209"}],"curies":[{"name":"wp","href":"https:\/\/api.w.org\/{rel}","templated":true}]}}