{"id":13216,"date":"2025-10-20T16:52:06","date_gmt":"2025-10-20T19:52:06","guid":{"rendered":"https:\/\/lalupa24.com.ar\/?p=13216"},"modified":"2025-10-20T16:52:09","modified_gmt":"2025-10-20T19:52:09","slug":"saenz-pena-finalizo-con-exito-el-primer-curso-de-emergecia-en-traslado-sanitario","status":"publish","type":"post","link":"https:\/\/lalupa24.com.ar\/index.php\/2025\/10\/20\/saenz-pena-finalizo-con-exito-el-primer-curso-de-emergecia-en-traslado-sanitario\/","title":{"rendered":"S\u00e1enz Pe\u00f1a finaliz\u00f3 con \u00e9xito el primer curso de emergecia en traslado sanitario"},"content":{"rendered":"\n<p>El curso de capacitaci\u00f3n en emergencias m\u00e9dicas, destinado al personal sanitario de la Regi\u00f3n Sanitaria VII, culmin\u00f3 con una amplia participaci\u00f3n de profesionales y agentes de salud.<\/p>\n\n\n\n<p>La propuesta formativa cont\u00f3 con seis m\u00f3dulos que abordaron tem\u00e1ticas claves para el desempe\u00f1o de la profesi\u00f3n en situaciones cr\u00edticas. Iniciado en abril, el curso estuvo orientado a personal sanitario que desarrolla tareas en terreno \u2014choferes, enfermeros y obstetras\u2014, fijando normas y protocolos para el traslado de pacientes. Adem\u00e1s, m\u00e9dicos de la regi\u00f3n participaron en dos m\u00f3dulos presenciales y en el resto de manera virtual.<\/p>\n\n\n\n<p>Actualmente, la capacitaci\u00f3n se dicta tambi\u00e9n para la Regi\u00f3n Sanitaria V, que comprende a Juan Jos\u00e9 Castelli y zonas aleda\u00f1as, y concluir\u00e1 el pr\u00f3ximo 14 de noviembre.<br>\u201cNuestra proyecci\u00f3n es volver a realizar este curso el pr\u00f3ximo a\u00f1o y avanzar en una especializaci\u00f3n para enfermeros en Emergencias\u201d, destac\u00f3 el Dr. Nicol\u00e1s Ivancovich, director de Emergencias M\u00e9dicas<\/p>\n","protected":false},"excerpt":{"rendered":"<p>El curso de capacitaci\u00f3n en emergencias m\u00e9dicas, destinado al personal sanitario de la Regi\u00f3n Sanitaria VII, culmin\u00f3 con una amplia participaci\u00f3n de profesionales y agentes de salud. La propuesta formativa cont\u00f3 con seis m\u00f3dulos que abordaron tem\u00e1ticas claves para el desempe\u00f1o de la profesi\u00f3n en situaciones cr\u00edticas. Iniciado en abril, el curso estuvo orientado a [&hellip;]<\/p>\n","protected":false},"author":2,"featured_media":13217,"comment_status":"open","ping_status":"open","sticky":false,"template":"","format":"standard","meta":{"footnotes":""},"categories":[27],"tags":[],"class_list":{"0":"post-13216","1":"post","2":"type-post","3":"status-publish","4":"format-standard","5":"has-post-thumbnail","7":"category-interior"},"aioseo_notices":[],"_links":{"self":[{"href":"https:\/\/lalupa24.com.ar\/index.php\/wp-json\/wp\/v2\/posts\/13216","targetHints":{"allow":["GET"]}}],"collection":[{"href":"https:\/\/lalupa24.com.ar\/index.php\/wp-json\/wp\/v2\/posts"}],"about":[{"href":"https:\/\/lalupa24.com.ar\/index.php\/wp-json\/wp\/v2\/types\/post"}],"author":[{"embeddable":true,"href":"https:\/\/lalupa24.com.ar\/index.php\/wp-json\/wp\/v2\/users\/2"}],"replies":[{"embeddable":true,"href":"https:\/\/lalupa24.com.ar\/index.php\/wp-json\/wp\/v2\/comments?post=13216"}],"version-history":[{"count":1,"href":"https:\/\/lalupa24.com.ar\/index.php\/wp-json\/wp\/v2\/posts\/13216\/revisions"}],"predecessor-version":[{"id":13218,"href":"https:\/\/lalupa24.com.ar\/index.php\/wp-json\/wp\/v2\/posts\/13216\/revisions\/13218"}],"wp:featuredmedia":[{"embeddable":true,"href":"https:\/\/lalupa24.com.ar\/index.php\/wp-json\/wp\/v2\/media\/13217"}],"wp:attachment":[{"href":"https:\/\/lalupa24.com.ar\/index.php\/wp-json\/wp\/v2\/media?parent=13216"}],"wp:term":[{"taxonomy":"category","embeddable":true,"href":"https:\/\/lalupa24.com.ar\/index.php\/wp-json\/wp\/v2\/categories?post=13216"},{"taxonomy":"post_tag","embeddable":true,"href":"https:\/\/lalupa24.com.ar\/index.php\/wp-json\/wp\/v2\/tags?post=13216"}],"curies":[{"name":"wp","href":"https:\/\/api.w.org\/{rel}","templated":true}]}}