{"id":13244,"date":"2025-10-18T17:20:07","date_gmt":"2025-10-18T20:20:07","guid":{"rendered":"https:\/\/lalupa24.com.ar\/?p=13244"},"modified":"2025-10-20T17:23:52","modified_gmt":"2025-10-20T20:23:52","slug":"educacion-destaco-los-avances-en-los-concursos-que-estan-en-marcha-y-la-titularizacion-de-docentes","status":"publish","type":"post","link":"https:\/\/lalupa24.com.ar\/index.php\/2025\/10\/18\/educacion-destaco-los-avances-en-los-concursos-que-estan-en-marcha-y-la-titularizacion-de-docentes\/","title":{"rendered":"Educaci\u00f3n destac\u00f3 los avances en los concursos que est\u00e1n en marcha y la titularizaci\u00f3n de docentes"},"content":{"rendered":"\n<p>Esta semana se llev\u00f3 a cabo la sesi\u00f3n ordinaria N\u00b0 10 del Consejo de Educaci\u00f3n de la Provincia con la presencia de la subsecretaria de Descentralizaci\u00f3n Educativa, Marta Fassano, quien realiz\u00f3 un pormenorizado informe sobre los concursos docentes en marcha de los niveles Inicial, Primario y Bibliotecas. As\u00ed tambi\u00e9n, coment\u00f3 sobre los avances en el proceso de titularizaci\u00f3n iniciado en cumplimiento de las Leyes de Estabilidad y Garant\u00edas Laborales del Docente, asegurando \u201cque ya est\u00e1n en su etapa final\u201d.<br><br>Con respecto a los concursos, Fassano dijo que \u201cya est\u00e1n en marcha el concurso de traslados, reincorporaciones e ingreso del Nivel Inicial y Bibliotecas. Y ya sali\u00f3 esta semana la convocatoria al concurso tambi\u00e9n de traslados, reincorporaciones e ingreso de Nivel Primario\u201d. \u201cTodos con cronogramas ya establecidos y algunos ya con fechas de adjudicaci\u00f3n de cargos\u201d, se\u00f1al\u00f3 la funcionaria.<br>En relaci\u00f3n a la titularizaci\u00f3n en el\u00a0 marco de la Ley de Estabilidad y Garant\u00edas Laborales, Fassano precis\u00f3 que \u201cya concluyeron los procesos de varios niveles y modalidades, y se contin\u00faa con el Nivel Secundario. Calculamos que antes de que termine el ciclo lectivo, va a estar absolutamente cerrado para beneficio de los docentes que logran justamente la estabilidad en sus cargos\u201d.<br>Adem\u00e1s, detall\u00f3 que durante la sesi\u00f3n del Consejo de Educaci\u00f3n ante planteos de los miembros, se trataron algunas otras cuestiones, como el entrecruzamiento de las plantas org\u00e1nicas funcionales en las escuelas de gesti\u00f3n estatal, gesti\u00f3n privada, gesti\u00f3n social y gesti\u00f3n comunitaria; como parte de estas nuevas acciones que se est\u00e1n realizando desde la subsecretar\u00eda, por indicaci\u00f3n de la ministra Sof\u00eda Naidenoff, para evitar incompatibilidades y justamente que no haya docentes que acumulen excesiva cantidad de horas, mientras que otros que tambi\u00e9n estudiaron y que se recibieron todav\u00eda no tienen trabajo\u201d.<br>Fassano agradeci\u00f3 al presidente del Consejo, Omar Maggio, y dem\u00e1s integrantes de este cuerpo colegiado, por el recibimiento y el buen clima de trabajo que propiciaron para que pueda dar todas las explicaciones.<\/p>\n\n\n\n<p>Mesa T\u00e9cnica con sindicatos avanza con las titularizaciones<br>Por otra parte, la subsecretaria Fassano coment\u00f3 que esta semana tambi\u00e9n particip\u00f3 de la Mesa T\u00e9cnica, esta instancia de trabajo peri\u00f3dica y sistem\u00e1tica que el ministerio lleva adelante con todos los sindicatos docentes en este tema de la aplicaci\u00f3n de las Leyes de Estabilidad y Garant\u00edas Laborales Docentes. \u201cNos reunimos, un d\u00eda por semana, generalmente los d\u00edas mi\u00e9rcoles, para justamente ir salvando todas las controversias, todas las cuestiones que se consideran problem\u00e1ticas y que no est\u00e1n totalmente contempladas en la normativa y, por consiguiente, es necesario que haya un dictamen, una opini\u00f3n, que cuando es de la mesa t\u00e9cnica es vinculante para que luego las Juntas de Clasificaci\u00f3n pueden resolver con un respaldo\u201d.<br>Agradeci\u00f3 la participaci\u00f3n de los sindicatos docentes, asegurando que: \u201cEs muy valioso el camino que se est\u00e1 haciendo en lo que se refiere a garantizar la estabilidad laboral de los trabajadores de la educaci\u00f3n\u201d, recordando que \u201cse avanza en el marco de una ley que se vot\u00f3 en septiembre del 2023 por unanimidad de la C\u00e1mara de Diputados\u201d, y que \u201ccost\u00f3 mucho tiempo comenzar su aplicaci\u00f3n porque hubo que arreglar plantas org\u00e1nicas funcionales y afectar horas. \u201cEs decir, todo eso tuvo que primero normalizarse y luego se comenz\u00f3 la titularizaci\u00f3n en el Nivel Superior, que ya est\u00e1 terminado con el \u00faltimo paso que es la reubicaci\u00f3n del personal titular; pero ya los interinos titularizaron.<br>Adem\u00e1s, se culmin\u00f3 con el Nivel Primario, con las escuelas de Educaci\u00f3n Permanente de\u00a0 J\u00f3venes y Adultos; con los Centros de Educaci\u00f3n F\u00edsica, con las escuelas de Formaci\u00f3n Profesional y se est\u00e1 pr\u00e1cticamente concluyendo ya con las escuelas de Nivel Secundario de escuelas comunes y de la modalidad t\u00e9cnica\u201d, explic\u00f3<\/p>\n","protected":false},"excerpt":{"rendered":"<p>Esta semana se llev\u00f3 a cabo la sesi\u00f3n ordinaria N\u00b0 10 del Consejo de Educaci\u00f3n de la Provincia con la presencia de la subsecretaria de Descentralizaci\u00f3n Educativa, Marta Fassano, quien realiz\u00f3 un pormenorizado informe sobre los concursos docentes en marcha de los niveles Inicial, Primario y Bibliotecas. As\u00ed tambi\u00e9n, coment\u00f3 sobre los avances en el [&hellip;]<\/p>\n","protected":false},"author":2,"featured_media":13245,"comment_status":"open","ping_status":"open","sticky":false,"template":"","format":"standard","meta":{"footnotes":""},"categories":[28],"tags":[],"class_list":{"0":"post-13244","1":"post","2":"type-post","3":"status-publish","4":"format-standard","5":"has-post-thumbnail","7":"category-locales"},"aioseo_notices":[],"_links":{"self":[{"href":"https:\/\/lalupa24.com.ar\/index.php\/wp-json\/wp\/v2\/posts\/13244","targetHints":{"allow":["GET"]}}],"collection":[{"href":"https:\/\/lalupa24.com.ar\/index.php\/wp-json\/wp\/v2\/posts"}],"about":[{"href":"https:\/\/lalupa24.com.ar\/index.php\/wp-json\/wp\/v2\/types\/post"}],"author":[{"embeddable":true,"href":"https:\/\/lalupa24.com.ar\/index.php\/wp-json\/wp\/v2\/users\/2"}],"replies":[{"embeddable":true,"href":"https:\/\/lalupa24.com.ar\/index.php\/wp-json\/wp\/v2\/comments?post=13244"}],"version-history":[{"count":1,"href":"https:\/\/lalupa24.com.ar\/index.php\/wp-json\/wp\/v2\/posts\/13244\/revisions"}],"predecessor-version":[{"id":13246,"href":"https:\/\/lalupa24.com.ar\/index.php\/wp-json\/wp\/v2\/posts\/13244\/revisions\/13246"}],"wp:featuredmedia":[{"embeddable":true,"href":"https:\/\/lalupa24.com.ar\/index.php\/wp-json\/wp\/v2\/media\/13245"}],"wp:attachment":[{"href":"https:\/\/lalupa24.com.ar\/index.php\/wp-json\/wp\/v2\/media?parent=13244"}],"wp:term":[{"taxonomy":"category","embeddable":true,"href":"https:\/\/lalupa24.com.ar\/index.php\/wp-json\/wp\/v2\/categories?post=13244"},{"taxonomy":"post_tag","embeddable":true,"href":"https:\/\/lalupa24.com.ar\/index.php\/wp-json\/wp\/v2\/tags?post=13244"}],"curies":[{"name":"wp","href":"https:\/\/api.w.org\/{rel}","templated":true}]}}