{"id":1325,"date":"2024-05-14T18:23:20","date_gmt":"2024-05-14T21:23:20","guid":{"rendered":"https:\/\/lalupa24.com.ar\/?p=1325"},"modified":"2024-05-14T18:23:21","modified_gmt":"2024-05-14T21:23:21","slug":"el-gobierno-presento-el-cronograma-para-celebrar-el-27-aniversario-del-guido-miranda","status":"publish","type":"post","link":"https:\/\/lalupa24.com.ar\/index.php\/2024\/05\/14\/el-gobierno-presento-el-cronograma-para-celebrar-el-27-aniversario-del-guido-miranda\/","title":{"rendered":"El gobierno present\u00f3 el cronograma para celebrar el 27 aniversario del Guido Miranda"},"content":{"rendered":"\n<p><\/p>\n\n\n\n<p><em>El 24 de mayo, en la v\u00edspera de un nuevo aniversario de la Revoluci\u00f3n de Mayo y como parte de la Gala del Complejo Cultural Guido Miranda, el artista popular Ra\u00fal Lavi\u00e9 presentar\u00e1 el espect\u00e1culo Piazzola Inmortal. La jornada cerrar\u00e1 con la participaci\u00f3n de diferentes escuelas de danzas folcl\u00f3ricas bailando el Peric\u00f3n Nacional. El cronograma incluye un conversatorio sobre la historia del complejo cultural.<\/em><\/p>\n\n\n\n<p>Autoridades del Instituto de Cultura anunciaron, este martes, el cronograma de actividades para los festejos del 27\u00b0 aniversario del Complejo Cultural Guido Miranda en coincidencia con una celebraci\u00f3n por festejos patrios. Los anuncios fueron realizados por el presidente del Instituto de Cultura, Mario Zorrilla; junto a la vicepresidente del organismo Daniela Valdes y la directora del Guido Miranda, Sandra Sisti.<br>El cronograma incluye un conversatorio sobre la historia del complejo cultural que se realizar\u00e1 el 23 y el 24 de mayo en la v\u00edspera de un nuevo aniversario de la Revoluci\u00f3n de Mayo. Como parte de la Gala el artista popular Ra\u00fal Lavi\u00e9 brindar\u00e1 el espect\u00e1culo Piazzola Inmortal. Las actividades y el evento central ser\u00e1n transmitidos por el Canal Somos Uno.<br>Adem\u00e1s, el 24 de mayo, y en v\u00edsperas con los festejos del d\u00eda patrio, se realizar\u00e1n una serie de actividades alrededor de la Casa Cultural Guido Miranda, entre ellas una muestra de pintura por la tarde. Posteriormente, como parte de la gala previa a los festejos de mayo se concretar\u00e1 la actuaci\u00f3n de Raul Lavi\u00e9. Y para cerrar se entonar\u00e1 el Himno Nacional y diferentes escuelas de la ciudad bailar\u00e1n el Peric\u00f3n Nacional.<br>Del conversatorio, que iniciar\u00e1 el jueves 23 de mayo, a las 18, participar\u00e1n Marilyn Crist\u00f3fani (ex subsecretaria de Cultura), Teresa Portal ( arquitecta de la obra), Daniela Vald\u00e9s (primera productora del Guido y actual vicepresidenta de Cultura) y Mario Zorrilla ( presidente del Instituto de Cultura).<br>\u201cLa idea es encontrarnos a reflexionar sobre estos 27 a\u00f1os del Complejo Cultural Guido Miranda: este espacio tan querido que naci\u00f3 para albergar propuestas art\u00edsticas de mayor calidad y alcance y hoy sigue siendo el escenario principal de nuestra provincia\u201d, dijo Vald\u00e9s al recordar la innumerable cantidad de artistas y propuestas culturales que pasaron por este escenario. Est\u00e1n invitados a participar alumnos de Facultad de Arte, alumnos de institutos art\u00edsticos y p\u00fablico en general.<br>El 24 de mayo, a partir de las 18, artistas del Club de la Pintura, pintar\u00e1n frente al Complejo Cultural. En tanto a las 20.30 iniciar\u00e1 la actividad en el hall del Guido Miranda con artistas locales que bailar\u00e1n tango, chamam\u00e9 y folclore fusionado con bailes contempor\u00e1neos. Los asistentes tambi\u00e9n podr\u00e1n disfrutar de un relato de Marcelo Nieto.<\/p>\n\n\n\n<p><em>Lavi\u00e9, Piazzolla Inmortal y baile nacional<\/em><br>Despu\u00e9s de las 21 est\u00e1 previsto el inicio del espect\u00e1culo \u201cPiazzolla Inmortal\u201d con el artista Ra\u00fal Lavi\u00e9. Este espect\u00e1culo re\u00fane los m\u00e1s grandes \u00e9xitos y las emblem\u00e1ticas canciones de Astor Piazzolla, que incluir\u00e1 (por invitaci\u00f3n de la producci\u00f3n del evento) la participaci\u00f3n en el escenario de dos parejas de bailarines de tangos locales. \u201cEste espect\u00e1culo es muy reconocido, adem\u00e1s de que Ra\u00fal Lavi\u00e9 es una de nuestras voces populares y Piazzolla uno de nuestros m\u00fasicos emblem\u00e1ticos del siglo XX\u201d, dijo Sisti.<br>Como cierre de la jornada y entrando ya en la fecha patria del 25 de mayo se cantar\u00e1 el himno nacional argentino y en la calle las academias de Folclore de la ciudad y el ISPEA bailar\u00e1n el Gran Peric\u00f3n Nacional. Participan las escuelas de danzas y baile del ISPEA, Latidos de Tradici\u00f3n, C\u00e1mara Tuzuy, La Flota de Barranqueras, Taller de Folclore Romance de Zamba, Huellas Argentinas y la Academia de Danzas Folcl\u00f3ricas y Tango, Duartango.<\/p>\n","protected":false},"excerpt":{"rendered":"<p>El 24 de mayo, en la v\u00edspera de un nuevo aniversario de la Revoluci\u00f3n de Mayo y como parte de la Gala del Complejo Cultural Guido Miranda, el artista popular Ra\u00fal Lavi\u00e9 presentar\u00e1 el espect\u00e1culo Piazzola Inmortal. La jornada cerrar\u00e1 con la participaci\u00f3n de diferentes escuelas de danzas folcl\u00f3ricas bailando el Peric\u00f3n Nacional. El cronograma [&hellip;]<\/p>\n","protected":false},"author":2,"featured_media":1326,"comment_status":"open","ping_status":"open","sticky":false,"template":"","format":"standard","meta":{"footnotes":""},"categories":[28],"tags":[],"class_list":{"0":"post-1325","1":"post","2":"type-post","3":"status-publish","4":"format-standard","5":"has-post-thumbnail","7":"category-locales"},"aioseo_notices":[],"_links":{"self":[{"href":"https:\/\/lalupa24.com.ar\/index.php\/wp-json\/wp\/v2\/posts\/1325","targetHints":{"allow":["GET"]}}],"collection":[{"href":"https:\/\/lalupa24.com.ar\/index.php\/wp-json\/wp\/v2\/posts"}],"about":[{"href":"https:\/\/lalupa24.com.ar\/index.php\/wp-json\/wp\/v2\/types\/post"}],"author":[{"embeddable":true,"href":"https:\/\/lalupa24.com.ar\/index.php\/wp-json\/wp\/v2\/users\/2"}],"replies":[{"embeddable":true,"href":"https:\/\/lalupa24.com.ar\/index.php\/wp-json\/wp\/v2\/comments?post=1325"}],"version-history":[{"count":1,"href":"https:\/\/lalupa24.com.ar\/index.php\/wp-json\/wp\/v2\/posts\/1325\/revisions"}],"predecessor-version":[{"id":1327,"href":"https:\/\/lalupa24.com.ar\/index.php\/wp-json\/wp\/v2\/posts\/1325\/revisions\/1327"}],"wp:featuredmedia":[{"embeddable":true,"href":"https:\/\/lalupa24.com.ar\/index.php\/wp-json\/wp\/v2\/media\/1326"}],"wp:attachment":[{"href":"https:\/\/lalupa24.com.ar\/index.php\/wp-json\/wp\/v2\/media?parent=1325"}],"wp:term":[{"taxonomy":"category","embeddable":true,"href":"https:\/\/lalupa24.com.ar\/index.php\/wp-json\/wp\/v2\/categories?post=1325"},{"taxonomy":"post_tag","embeddable":true,"href":"https:\/\/lalupa24.com.ar\/index.php\/wp-json\/wp\/v2\/tags?post=1325"}],"curies":[{"name":"wp","href":"https:\/\/api.w.org\/{rel}","templated":true}]}}