{"id":13283,"date":"2025-10-21T13:05:00","date_gmt":"2025-10-21T16:05:00","guid":{"rendered":"https:\/\/lalupa24.com.ar\/?p=13283"},"modified":"2025-10-22T01:57:20","modified_gmt":"2025-10-22T04:57:20","slug":"una-argentina-viajo-a-espana-por-trabajo-y-ahora-esta-desaparecida","status":"publish","type":"post","link":"https:\/\/lalupa24.com.ar\/index.php\/2025\/10\/21\/una-argentina-viajo-a-espana-por-trabajo-y-ahora-esta-desaparecida\/","title":{"rendered":"Una argentina viaj\u00f3 a Espa\u00f1a por trabajo y ahora est\u00e1 desaparecida"},"content":{"rendered":"\n<p>Mariana Lens tiene 26 a\u00f1os, es de Devoto y viaj\u00f3 el 6 de octubre a Palma de Mallorca para trabajar con una familia alemana\u00a0como ni\u00f1era. Su familia hace ocho d\u00edas que perdi\u00f3 contacto con ella. Tuvo breves y extra\u00f1as conversaciones con sus amigos.<\/p>\n\n\n\n<p>Una argentina de 26 a\u00f1os viaj\u00f3 por una oferta laboral a Espa\u00f1a a principios de octubre y ocho d\u00edas despu\u00e9s desapareci\u00f3. Sus familiares\u00a0creen que est\u00e1 secuestrada, por lo que radicaron una denuncia en la UFI N\u00b0 5 de San Mart\u00edn caratulada como averiguaci\u00f3n de paradero, mientras exigen la ayuda de las autoridades espa\u00f1olas para encontrar a la joven.\u00a0<\/p>\n\n\n\n<p>Paola Mariana Lens,\u00a0oriunda de Villa Devoto, viaj\u00f3 a Palma de Mallorca el 6 de octubre para\u00a0trabajar con una familia alemana\u00a0radicada en la ciudad que la hab\u00eda contactado por sus\u00a0servicios de ni\u00f1era.\u00a0<\/p>\n\n\n\n<p>Sin embargo, ocho d\u00edas despu\u00e9s de llegar a destino perdi\u00f3 toda comunicaci\u00f3n con sus familiares.\u00a0&#8220;Si ella es v\u00edctima de trata, es grav\u00edsimo. Si est\u00e1 mal an\u00edmicamente, tambi\u00e9n es grave. Yo quiero a Mariana feliz\u201c, dijo a Gabriela, madre de la joven.\u00a0<\/p>\n\n\n\n<p>\u201cTen\u00edamos una conversaci\u00f3n fluida y, de repente, el 14 (de octubre) fue la \u00faltima vez que hablamos. Pasaron un par de d\u00edas, pero el s\u00e1bado\u00a0desinstal\u00f3 WhatsApp, empez\u00f3 a bloquear contactos de Instagram\u00a0y ah\u00ed empezamos a investigar para hacer las denuncias correspondientes&#8221;, explic\u00f3 Gabriela.<\/p>\n\n\n\n<p>Seg\u00fan pudo saber la mujer, su hija mantuvo\u00a0breves comunicaciones telef\u00f3nicas con algunos conocidos\u00a0e incluso una videollamada sin audio en la que se mostr\u00f3 visiblemente angustiada.\u00a0<\/p>\n\n\n\n<p>&#8220;Todo indica que est\u00e1 en un lugar bajo amenaza. Estuvo en la calle y le hizo una videollamada de 30 segundos a alguien acompa\u00f1ada de otra persona. Y no sabemos qui\u00e9n es\u201c, se\u00f1al\u00f3.<\/p>\n\n\n\n<p>En las \u00faltimas horas se conoci\u00f3 un audio donde, con la voz quebrada, le dijo q un amigo que estaba \u201cs\u00faper bien en Mallorca\u201d.<\/p>\n\n\n\n<p>Ante el extra\u00f1o comportamiento de la joven, el amigo le pregunt\u00f3: \u201c\u00bfY por qu\u00e9 est\u00e1s en Mallorca, gorda?\u201d. De manera escueta, ella sostuvo dubitativa:\u00a0\u201cPorque me vine ac\u00e1, porque me sali\u00f3 laburo ac\u00e1\u201d.\u00a0Pero su interlocutor no se dio por vencido: \u201cEsc\u00fachame una cosa, voy a ir para Mallorca, as\u00ed nos vemos. \u00bfQu\u00e9 te parece?\u201d.<\/p>\n\n\n\n<p>Del otro lado, s\u00f3lo se escucharon sollozos y el hablante retom\u00f3: \u201c\u00bfAmiga? Voy a Mallorca\u201d. Pero ella entre l\u00e1grimas neg\u00f3:\u00a0\u201cNo ten\u00e9s que hacer esto\u201d.<\/p>\n\n\n\n<p>\u201cS\u00ed. \u00bfC\u00f3mo que no? Vos estuviste cuando yo te necesit\u00e9. Yo voy a estar siempre, amiga. Esc\u00fachame,\u00a0necesito que ahora agarres y me digas d\u00f3nde est\u00e1s\u00a0y as\u00ed puedo comprar el pasaje para Alc\u00fadia o para Mallorca y voy para all\u00e1\u201d, sostuvo el amigo.<\/p>\n\n\n\n<p>Por su parte, Lens revel\u00f3: \u201cEstoy en Palma\u201d.\u00a0El interlocutor pregunt\u00f3 lo que ahora es un misterio, el cambio de su n\u00famero de tel\u00e9fono:\u00a0\u201cTe hago una pregunta\u2026 \u00bfPor qu\u00e9 cambiaste el n\u00famero?\u201d, pero\u00a0Mariana no contest\u00f3.<\/p>\n","protected":false},"excerpt":{"rendered":"<p>Mariana Lens tiene 26 a\u00f1os, es de Devoto y viaj\u00f3 el 6 de octubre a Palma de Mallorca para trabajar con una familia alemana\u00a0como ni\u00f1era. Su familia hace ocho d\u00edas que perdi\u00f3 contacto con ella. Tuvo breves y extra\u00f1as conversaciones con sus amigos. Una argentina de 26 a\u00f1os viaj\u00f3 por una oferta laboral a Espa\u00f1a [&hellip;]<\/p>\n","protected":false},"author":2,"featured_media":13284,"comment_status":"open","ping_status":"open","sticky":false,"template":"","format":"standard","meta":{"footnotes":""},"categories":[28],"tags":[],"class_list":{"0":"post-13283","1":"post","2":"type-post","3":"status-publish","4":"format-standard","5":"has-post-thumbnail","7":"category-locales"},"aioseo_notices":[],"_links":{"self":[{"href":"https:\/\/lalupa24.com.ar\/index.php\/wp-json\/wp\/v2\/posts\/13283","targetHints":{"allow":["GET"]}}],"collection":[{"href":"https:\/\/lalupa24.com.ar\/index.php\/wp-json\/wp\/v2\/posts"}],"about":[{"href":"https:\/\/lalupa24.com.ar\/index.php\/wp-json\/wp\/v2\/types\/post"}],"author":[{"embeddable":true,"href":"https:\/\/lalupa24.com.ar\/index.php\/wp-json\/wp\/v2\/users\/2"}],"replies":[{"embeddable":true,"href":"https:\/\/lalupa24.com.ar\/index.php\/wp-json\/wp\/v2\/comments?post=13283"}],"version-history":[{"count":1,"href":"https:\/\/lalupa24.com.ar\/index.php\/wp-json\/wp\/v2\/posts\/13283\/revisions"}],"predecessor-version":[{"id":13285,"href":"https:\/\/lalupa24.com.ar\/index.php\/wp-json\/wp\/v2\/posts\/13283\/revisions\/13285"}],"wp:featuredmedia":[{"embeddable":true,"href":"https:\/\/lalupa24.com.ar\/index.php\/wp-json\/wp\/v2\/media\/13284"}],"wp:attachment":[{"href":"https:\/\/lalupa24.com.ar\/index.php\/wp-json\/wp\/v2\/media?parent=13283"}],"wp:term":[{"taxonomy":"category","embeddable":true,"href":"https:\/\/lalupa24.com.ar\/index.php\/wp-json\/wp\/v2\/categories?post=13283"},{"taxonomy":"post_tag","embeddable":true,"href":"https:\/\/lalupa24.com.ar\/index.php\/wp-json\/wp\/v2\/tags?post=13283"}],"curies":[{"name":"wp","href":"https:\/\/api.w.org\/{rel}","templated":true}]}}