{"id":13298,"date":"2025-10-22T12:31:27","date_gmt":"2025-10-22T15:31:27","guid":{"rendered":"https:\/\/lalupa24.com.ar\/?p=13298"},"modified":"2025-10-22T12:31:41","modified_gmt":"2025-10-22T15:31:41","slug":"aparecio-la-joven-argentina-que-era-buscada-en-espana","status":"publish","type":"post","link":"https:\/\/lalupa24.com.ar\/index.php\/2025\/10\/22\/aparecio-la-joven-argentina-que-era-buscada-en-espana\/","title":{"rendered":"Apareci\u00f3 la joven argentina que era buscada en Espa\u00f1a"},"content":{"rendered":"\n<p>La mujer afirm\u00f3 que recibi\u00f3 una llamada de una comisar\u00eda del pa\u00eds europeo, donde le informaron que Paola Lens se hab\u00eda presentado.\u00a0<\/p>\n\n\n\n<p>Gabriela, la mam\u00e1 de Paola, dijo esta ma\u00f1ana ante los m\u00f3viles de televisi\u00f3n que se encontraban en la puerta de su casa que hab\u00eda recibido un\u00a0llamado de una comisar\u00eda de Mallorca. En la comunicaci\u00f3n telef\u00f3nica, agreg\u00f3, le comentaron que la chica estaba all\u00ed.<\/p>\n\n\n\n<p>&#8220;No s\u00e9 m\u00e1s nada, me dijeron eso, que\u00a0estaba en la comisaria y que cuando llegue los llame&#8221;, explic\u00f3. Aunque por el momento no tiene m\u00e1s informaci\u00f3n sobre qu\u00e9 pas\u00f3 en estos d\u00edas con Paola, se mostr\u00f3\u00a0aliviada\u00a0tras pasar m\u00e1s de una semana de incertidumbre.<\/p>\n\n\n\n<p>\u201cEsperemos que podamos encontrarnos y charlar. Tendremos que hablar, despu\u00e9s ella sabr\u00e1 y veremos.\u00a0Necesito verla y estar ah\u00ed\u201d, dijo la mujer.<\/p>\n\n\n\n<p>Por otra parte, en la prensa espa\u00f1ola afirman que la joven se encuentra en buen estado de salud y que no fue v\u00edctima de ning\u00fan delito.\u00a0 Seg\u00fan indic\u00f3 el medio\u00a0<em>Ultima Hora<\/em>, Paola\u00a0se present\u00f3 acompa\u00f1ada por una amiga\u00a0en la Jefatura Superior de la Polic\u00eda Nacional, mientras que<em>\u00a0Mallorca Diario destac\u00f3\u00a0<\/em>que el Grupo de Homicidios y Desaparecidos inform\u00f3 que la joven est\u00e1 bien y que realiza su vida con total normalidad, al tiempo que\u00a0se descart\u00f3 que haya sido v\u00edctima de una desaparici\u00f3n forzosa.\u00a0<\/p>\n\n\n\n<p>Tras constatar que su ausencia fue voluntaria y comprobar que en ning\u00fan momento estuvo retenida ni en situaci\u00f3n de riesgo,\u00a0la Polic\u00eda Nacional dio por cerrado el caso<\/p>\n\n\n\n<h2 class=\"wp-block-heading\">El viaje a Palma de Mallorca y el corte de comunicaci\u00f3n con su familia<\/h2>\n\n\n\n<p>La joven estaba&nbsp;<strong>desaparecida desde el 14 de octubre&nbsp;<\/strong>cuando<strong>&nbsp;dej\u00f3 de responder los mensajes y llamadas de sus familiares y amigos<\/strong>. Pese a que sub\u00eda historias a sus redes sociales, sus padres cre\u00edan que no era ella quien hac\u00eda las publicaciones.&nbsp;<\/p>\n\n\n\n<p>La preocupaci\u00f3n de sus familiares y amigos creci\u00f3 con el correr de los d\u00edas y por ello radicaron una\u00a0denuncia en la UFI N\u00b0 5 de San Mart\u00edn\u00a0caratulada como\u00a0averiguaci\u00f3n de paradero.<\/p>\n\n\n\n<p>Paola es oriunda de Villa Devoto y hab\u00eda viajado a Palma de Mallorca el 6 de octubre para\u00a0trabajar con una familia alemana\u00a0radicada en la ciudad que la hab\u00eda contactado por sus\u00a0servicios de ni\u00f1era.<\/p>\n\n\n\n<p>Ocho d\u00edas despu\u00e9s de llegar a destino perdi\u00f3 toda comunicaci\u00f3n con sus familiares. \u201cTen\u00edamos una conversaci\u00f3n fluida y, de repente, el 14 (de octubre) fue la \u00faltima vez que hablamos. Pasaron un par de d\u00edas, pero el s\u00e1bado\u00a0desinstal\u00f3 WhatsApp, empez\u00f3 a bloquear contactos de Instagram\u00a0y ah\u00ed empezamos a investigar para hacer las denuncias correspondientes&#8221;, explic\u00f3 Gabriela.<\/p>\n\n\n\n<p>Seg\u00fan pudo saber la mujer, su hija mantuvo\u00a0breves comunicaciones telef\u00f3nicas con algunos conocidos\u00a0e incluso una videollamada sin audio en la que se mostr\u00f3 visiblemente angustiada.<\/p>\n\n\n\n<p>La sospecha de sus familiares era que hab\u00eda sido secuestrada o que estaba incomunicada contra su voluntad. &#8220;<strong>Todo indica que est\u00e1 en un lugar bajo amenaza. Estuvo en la calle y le hizo una videollamada de 30 segundos a alguien acompa\u00f1ada de otra persona. Y no sabemos qui\u00e9n es<\/strong>\u201c, se\u00f1al\u00f3 este martes.<\/p>\n\n\n\n<p>Ese d\u00eda tambi\u00e9n se conoci\u00f3 un audio donde, con la voz quebrada, Paola le dec\u00eda aun amigo que estaba \u201cs\u00faper bien en Mallorca\u201d.<\/p>\n\n\n\n<p>Ante el\u00a0extra\u00f1o comportamiento de la joven,\u00a0si amigo le pregunt\u00f3: \u201c\u00bfY por qu\u00e9 est\u00e1s en Mallorca, gorda?\u201d. De manera escueta, ella sostuvo dubitativa:\u00a0\u201cPorque me vine ac\u00e1, porque me sali\u00f3 laburo ac\u00e1\u201d.\u00a0Pero su interlocutor no se dio por vencido: \u201cEsc\u00fachame una cosa, voy a ir para Mallorca, as\u00ed nos vemos. \u00bfQu\u00e9 te parece?\u201d.<\/p>\n\n\n\n<p>Del otro lado, s\u00f3lo se escuchaban sollozos. \u201c\u00bfAmiga? Voy a Mallorca\u201d, le dijo su amigo.\u00a0Ella entre l\u00e1grimas neg\u00f3:\u00a0\u201cNo ten\u00e9s que hacer esto\u201d.<\/p>\n\n\n\n<p>\u201cS\u00ed. \u00bfC\u00f3mo que no? Vos estuviste cuando yo te necesit\u00e9. Yo voy a estar siempre, amiga. Esc\u00fachame,\u00a0necesito que ahora agarres y me digas d\u00f3nde est\u00e1s\u00a0y as\u00ed puedo comprar el pasaje para Alc\u00fadia o para Mallorca y voy para all\u00e1\u201d, sostuvo el amigo.<\/p>\n\n\n\n<p>Lens revel\u00f3: \u201cEstoy en Palma\u201d.\u00a0El interlocutor pregunt\u00f3 lo que ahora es un misterio, el cambio de su n\u00famero de tel\u00e9fono:\u00a0\u201cTe hago una pregunta\u2026 \u00bfPor qu\u00e9 cambiaste el n\u00famero?\u201d, pero\u00a0Mariana no contest\u00f3<\/p>\n","protected":false},"excerpt":{"rendered":"<p>La mujer afirm\u00f3 que recibi\u00f3 una llamada de una comisar\u00eda del pa\u00eds europeo, donde le informaron que Paola Lens se hab\u00eda presentado.\u00a0 Gabriela, la mam\u00e1 de Paola, dijo esta ma\u00f1ana ante los m\u00f3viles de televisi\u00f3n que se encontraban en la puerta de su casa que hab\u00eda recibido un\u00a0llamado de una comisar\u00eda de Mallorca. En la [&hellip;]<\/p>\n","protected":false},"author":2,"featured_media":13299,"comment_status":"open","ping_status":"open","sticky":false,"template":"","format":"standard","meta":{"footnotes":""},"categories":[25],"tags":[],"class_list":{"0":"post-13298","1":"post","2":"type-post","3":"status-publish","4":"format-standard","5":"has-post-thumbnail","7":"category-internacionales"},"aioseo_notices":[],"_links":{"self":[{"href":"https:\/\/lalupa24.com.ar\/index.php\/wp-json\/wp\/v2\/posts\/13298","targetHints":{"allow":["GET"]}}],"collection":[{"href":"https:\/\/lalupa24.com.ar\/index.php\/wp-json\/wp\/v2\/posts"}],"about":[{"href":"https:\/\/lalupa24.com.ar\/index.php\/wp-json\/wp\/v2\/types\/post"}],"author":[{"embeddable":true,"href":"https:\/\/lalupa24.com.ar\/index.php\/wp-json\/wp\/v2\/users\/2"}],"replies":[{"embeddable":true,"href":"https:\/\/lalupa24.com.ar\/index.php\/wp-json\/wp\/v2\/comments?post=13298"}],"version-history":[{"count":1,"href":"https:\/\/lalupa24.com.ar\/index.php\/wp-json\/wp\/v2\/posts\/13298\/revisions"}],"predecessor-version":[{"id":13300,"href":"https:\/\/lalupa24.com.ar\/index.php\/wp-json\/wp\/v2\/posts\/13298\/revisions\/13300"}],"wp:featuredmedia":[{"embeddable":true,"href":"https:\/\/lalupa24.com.ar\/index.php\/wp-json\/wp\/v2\/media\/13299"}],"wp:attachment":[{"href":"https:\/\/lalupa24.com.ar\/index.php\/wp-json\/wp\/v2\/media?parent=13298"}],"wp:term":[{"taxonomy":"category","embeddable":true,"href":"https:\/\/lalupa24.com.ar\/index.php\/wp-json\/wp\/v2\/categories?post=13298"},{"taxonomy":"post_tag","embeddable":true,"href":"https:\/\/lalupa24.com.ar\/index.php\/wp-json\/wp\/v2\/tags?post=13298"}],"curies":[{"name":"wp","href":"https:\/\/api.w.org\/{rel}","templated":true}]}}