{"id":13301,"date":"2025-10-22T12:34:48","date_gmt":"2025-10-22T15:34:48","guid":{"rendered":"https:\/\/lalupa24.com.ar\/?p=13301"},"modified":"2025-10-22T12:34:50","modified_gmt":"2025-10-22T15:34:50","slug":"el-canciller-gerardo-werthein-presento-su-renuncia","status":"publish","type":"post","link":"https:\/\/lalupa24.com.ar\/index.php\/2025\/10\/22\/el-canciller-gerardo-werthein-presento-su-renuncia\/","title":{"rendered":"El Canciller Gerardo Werthein present\u00f3 su renuncia\u00a0"},"content":{"rendered":"\n<p>El canciller\u00a0Gerardo Werthein le\u00a0<u>present\u00f3 su renuncia\u00a0<\/u>al presidente Javier Milei\u00a0este mi\u00e9rcoles, seg\u00fan informaron diversas fuentes oficiales. Los rumores respecto de la salida del funcionario hab\u00edan cobrado fuerza el fin de semana a ra\u00edz de los cambios en el Gabinete que se esperan para\u00a0despu\u00e9s de las elecciones legislativas de este domingo.<\/p>\n\n\n\n<p>Javier Milei hab\u00eda confirmado este martes que habr\u00e1 cambios en el funcionariado nacional para ajustar la gesti\u00f3n a los resultados electorales.\u00a0\u201cDe cara al segundo tramo de este mandato voy a reacomodar el Gabinete para lograr los objetivos de las reformas de segunda generaci\u00f3n. El 26 a la noche, con todos los n\u00fameros, ver\u00e9 qu\u00e9 tipo de entramado necesito para lograr los objetivos\u201d, indic\u00f3 el mandatario.<\/p>\n","protected":false},"excerpt":{"rendered":"<p>El canciller\u00a0Gerardo Werthein le\u00a0present\u00f3 su renuncia\u00a0al presidente Javier Milei\u00a0este mi\u00e9rcoles, seg\u00fan informaron diversas fuentes oficiales. Los rumores respecto de la salida del funcionario hab\u00edan cobrado fuerza el fin de semana a ra\u00edz de los cambios en el Gabinete que se esperan para\u00a0despu\u00e9s de las elecciones legislativas de este domingo. Javier Milei hab\u00eda confirmado este martes [&hellip;]<\/p>\n","protected":false},"author":2,"featured_media":13302,"comment_status":"open","ping_status":"open","sticky":false,"template":"","format":"standard","meta":{"footnotes":""},"categories":[26],"tags":[],"class_list":{"0":"post-13301","1":"post","2":"type-post","3":"status-publish","4":"format-standard","5":"has-post-thumbnail","7":"category-nacionales"},"aioseo_notices":[],"_links":{"self":[{"href":"https:\/\/lalupa24.com.ar\/index.php\/wp-json\/wp\/v2\/posts\/13301","targetHints":{"allow":["GET"]}}],"collection":[{"href":"https:\/\/lalupa24.com.ar\/index.php\/wp-json\/wp\/v2\/posts"}],"about":[{"href":"https:\/\/lalupa24.com.ar\/index.php\/wp-json\/wp\/v2\/types\/post"}],"author":[{"embeddable":true,"href":"https:\/\/lalupa24.com.ar\/index.php\/wp-json\/wp\/v2\/users\/2"}],"replies":[{"embeddable":true,"href":"https:\/\/lalupa24.com.ar\/index.php\/wp-json\/wp\/v2\/comments?post=13301"}],"version-history":[{"count":1,"href":"https:\/\/lalupa24.com.ar\/index.php\/wp-json\/wp\/v2\/posts\/13301\/revisions"}],"predecessor-version":[{"id":13303,"href":"https:\/\/lalupa24.com.ar\/index.php\/wp-json\/wp\/v2\/posts\/13301\/revisions\/13303"}],"wp:featuredmedia":[{"embeddable":true,"href":"https:\/\/lalupa24.com.ar\/index.php\/wp-json\/wp\/v2\/media\/13302"}],"wp:attachment":[{"href":"https:\/\/lalupa24.com.ar\/index.php\/wp-json\/wp\/v2\/media?parent=13301"}],"wp:term":[{"taxonomy":"category","embeddable":true,"href":"https:\/\/lalupa24.com.ar\/index.php\/wp-json\/wp\/v2\/categories?post=13301"},{"taxonomy":"post_tag","embeddable":true,"href":"https:\/\/lalupa24.com.ar\/index.php\/wp-json\/wp\/v2\/tags?post=13301"}],"curies":[{"name":"wp","href":"https:\/\/api.w.org\/{rel}","templated":true}]}}