{"id":13315,"date":"2025-10-22T19:55:25","date_gmt":"2025-10-22T22:55:25","guid":{"rendered":"https:\/\/lalupa24.com.ar\/?p=13315"},"modified":"2025-10-22T19:55:26","modified_gmt":"2025-10-22T22:55:26","slug":"gobierno-oficializa-reforma-laboral-salario-dinamico-y-convenios-por-empresa-en-el-centro-del-debate-presupuestario-2026","status":"publish","type":"post","link":"https:\/\/lalupa24.com.ar\/index.php\/2025\/10\/22\/gobierno-oficializa-reforma-laboral-salario-dinamico-y-convenios-por-empresa-en-el-centro-del-debate-presupuestario-2026\/","title":{"rendered":"GOBIERNO OFICIALIZA REFORMA LABORAL: SALARIO DIN\u00c1MICO Y CONVENIOS POR EMPRESA EN EL CENTRO DEL DEBATE PRESUPUESTARIO 2026"},"content":{"rendered":"\n<h2 class=\"wp-block-heading\">GOBIERNO OFICIALIZA REFORMA LABORAL: SALARIO DIN\u00c1MICO Y CONVENIOS POR EMPRESA EN EL CENTRO DEL DEBATE PRESUPUESTARIO 2026<\/h2>\n\n\n\n<p>El Gobierno nacional ha puesto en el centro del debate legislativo del <strong>Presupuesto 2026<\/strong> un ambicioso proyecto de <strong>reforma laboral<\/strong>, cuyos pilares incluyen la introducci\u00f3n de un <strong>&#8220;salario din\u00e1mico&#8221;<\/strong> atado a la productividad individual y la promoci\u00f3n de <strong>convenios colectivos por empresa<\/strong>. El anuncio, realizado por el secretario de Trabajo, Julio Cordero, ante la Comisi\u00f3n de Presupuesto y Hacienda de la C\u00e1mara de Diputados, marca una clara intenci\u00f3n del Ejecutivo de flexibilizar el mercado laboral y modificar la matriz de negociaci\u00f3n colectiva, un movimiento que promete ser el epicentro de la disputa pol\u00edtica en los pr\u00f3ximos meses.<\/p>\n\n\n\n<p>La propuesta gubernamental se articula sobre la premisa de que, con la estabilizaci\u00f3n macroecon\u00f3mica y la desaceleraci\u00f3n inflacionaria, la din\u00e1mica de las paritarias debe mutar. Seg\u00fan el secretario Cordero, la negociaci\u00f3n ya no deber\u00eda enfocarse en &#8220;correr detr\u00e1s de la inflaci\u00f3n&#8221;, sino en generar <strong>incrementos salariales por m\u00e9rito<\/strong> y desempe\u00f1o superior. Este &#8220;salario din\u00e1mico&#8221; busca establecer un diferencial por productividad que supere los pisos fijados por los convenios, incentivando a los empleadores a premiar a los trabajadores destacados y, consecuentemente, elevar el rendimiento general.<\/p>\n\n\n\n<p>Este nuevo esquema salarial se complementa con la intenci\u00f3n de reducir el poder de los convenios sectoriales y potenciar la <strong>negociaci\u00f3n a nivel de empresa<\/strong>. La figura de convenios por empresa permitir\u00eda a cada firma adaptar las condiciones laborales y salariales a su realidad econ\u00f3mica y productiva particular, lo que, desde la \u00f3ptica oficial, fomentar\u00eda la competitividad y la creaci\u00f3n de empleo al reflejar mejor las especificidades de cada sector y regi\u00f3n. Esta descentralizaci\u00f3n de la negociaci\u00f3n es vista por expertos como un cambio profundo en el modelo sindical argentino.<\/p>\n\n\n\n<p>Otro punto crucial de la reforma es la <strong>eliminaci\u00f3n o atenuaci\u00f3n de multas<\/strong> e intereses gravosos que recaen sobre las empresas en casos de contrataci\u00f3n informal o irregular. Cordero argument\u00f3 que estas sanciones act\u00faan como una barrera para la formalizaci\u00f3n, y que su reducci\u00f3n busca un desarrollo que, a largo plazo, lleve a la conclusi\u00f3n de la informalidad laboral. Si bien se reconoce que este es solo un &#8220;comienzo&#8221;, la medida ha generado fuertes cr\u00edticas desde la oposici\u00f3n y los sectores gremiales, que ven en ello un desincentivo a la registraci\u00f3n.<\/p>\n\n\n\n<p>De acuerdo a informes del Ministerio de Econom\u00eda, la esperanza del Ejecutivo es que la flexibilizaci\u00f3n y el foco en el m\u00e9rito atraigan inversiones y mejoren la productividad, elementos clave para sostener la estabilidad econ\u00f3mica. No obstante, bloques opositores y centrales sindicales han expresado su preocupaci\u00f3n, advirtiendo que la reforma podr\u00eda erosionar los derechos laborales adquiridos, reducir el poder adquisitivo de los salarios b\u00e1sicos y precarizar el empleo bajo el pretexto de la eficiencia.<\/p>\n\n\n\n<p>El debate de la reforma laboral, que se tratar\u00eda como parte de un cap\u00edtulo del Presupuesto o en una futura <strong>&#8220;Ley Bases II&#8221;<\/strong> tras las pr\u00f3ximas elecciones legislativas, augura una intensa disputa en el Congreso. La implementaci\u00f3n del salario din\u00e1mico y los convenios por empresa representa un giro ideol\u00f3gico sustancial respecto al modelo laboral tradicional argentino, lo que requerir\u00e1 del Gobierno una delicada negociaci\u00f3n con los bloques dialoguistas para evitar un nuevo fracaso legislativo y garantizar un marco que, seg\u00fan el Ejecutivo, es indispensable para el crecimiento econ\u00f3mico proyectado en el Presupuesto 2026.<\/p>\n","protected":false},"excerpt":{"rendered":"<p>GOBIERNO OFICIALIZA REFORMA LABORAL: SALARIO DIN\u00c1MICO Y CONVENIOS POR EMPRESA EN EL CENTRO DEL DEBATE PRESUPUESTARIO 2026 El Gobierno nacional ha puesto en el centro del debate legislativo del Presupuesto 2026 un ambicioso proyecto de reforma laboral, cuyos pilares incluyen la introducci\u00f3n de un &#8220;salario din\u00e1mico&#8221; atado a la productividad individual y la promoci\u00f3n de [&hellip;]<\/p>\n","protected":false},"author":2,"featured_media":13316,"comment_status":"open","ping_status":"open","sticky":false,"template":"","format":"standard","meta":{"footnotes":""},"categories":[26],"tags":[],"class_list":{"0":"post-13315","1":"post","2":"type-post","3":"status-publish","4":"format-standard","5":"has-post-thumbnail","7":"category-nacionales"},"aioseo_notices":[],"_links":{"self":[{"href":"https:\/\/lalupa24.com.ar\/index.php\/wp-json\/wp\/v2\/posts\/13315","targetHints":{"allow":["GET"]}}],"collection":[{"href":"https:\/\/lalupa24.com.ar\/index.php\/wp-json\/wp\/v2\/posts"}],"about":[{"href":"https:\/\/lalupa24.com.ar\/index.php\/wp-json\/wp\/v2\/types\/post"}],"author":[{"embeddable":true,"href":"https:\/\/lalupa24.com.ar\/index.php\/wp-json\/wp\/v2\/users\/2"}],"replies":[{"embeddable":true,"href":"https:\/\/lalupa24.com.ar\/index.php\/wp-json\/wp\/v2\/comments?post=13315"}],"version-history":[{"count":1,"href":"https:\/\/lalupa24.com.ar\/index.php\/wp-json\/wp\/v2\/posts\/13315\/revisions"}],"predecessor-version":[{"id":13327,"href":"https:\/\/lalupa24.com.ar\/index.php\/wp-json\/wp\/v2\/posts\/13315\/revisions\/13327"}],"wp:featuredmedia":[{"embeddable":true,"href":"https:\/\/lalupa24.com.ar\/index.php\/wp-json\/wp\/v2\/media\/13316"}],"wp:attachment":[{"href":"https:\/\/lalupa24.com.ar\/index.php\/wp-json\/wp\/v2\/media?parent=13315"}],"wp:term":[{"taxonomy":"category","embeddable":true,"href":"https:\/\/lalupa24.com.ar\/index.php\/wp-json\/wp\/v2\/categories?post=13315"},{"taxonomy":"post_tag","embeddable":true,"href":"https:\/\/lalupa24.com.ar\/index.php\/wp-json\/wp\/v2\/tags?post=13315"}],"curies":[{"name":"wp","href":"https:\/\/api.w.org\/{rel}","templated":true}]}}