{"id":1332,"date":"2024-05-16T10:52:57","date_gmt":"2024-05-16T13:52:57","guid":{"rendered":"https:\/\/lalupa24.com.ar\/?p=1332"},"modified":"2024-05-16T10:52:58","modified_gmt":"2024-05-16T13:52:58","slug":"zimmermann-instalo-las-necesidades-del-chaco-en-la-discusion-de-la-ley-bases","status":"publish","type":"post","link":"https:\/\/lalupa24.com.ar\/index.php\/2024\/05\/16\/zimmermann-instalo-las-necesidades-del-chaco-en-la-discusion-de-la-ley-bases\/","title":{"rendered":"Zimmermann instal\u00f3 las necesidades del chaco en la discusi\u00f3n de la ley bases"},"content":{"rendered":"\n<p><\/p>\n\n\n\n<p>El senador por el Chaco, V\u00edctor Zimmermann, particip\u00f3 del plenario de comisiones del Senado y aprovech\u00f3 para reclamar al ministro del Interior por las obras p\u00fablicas que el Chaco necesita, adem\u00e1s de invitar a la CGT a discutir una reforma laboral y la reconversi\u00f3n de programas sociales.&nbsp;<\/p>\n\n\n\n<p>En el marco del plenario de las comisiones de Legislaci\u00f3n General, Presupuesto y Hacienda y Asuntos Constitucionales, donde funcionarios del Poder Ejecutivo, dirigentes sindicales, referentes del sector Pyme y especialistas de distintas disciplinas concurrieron para discutir el proyecto de Ley Bases y la reforma tributaria, el legislador chaque\u00f1o puso en agenda la dif\u00edcil situaci\u00f3n del Norte Grande en general y el NEA en particular.&nbsp;<\/p>\n\n\n\n<p>Ante el Ministro del Interior, que encabez\u00f3 la delegaci\u00f3n de funcionarios nacionales que concurrieron al Senado, Zimmermann explic\u00f3: \u201cMinistro, nosotros de Castelli al norte, en la zona de El Impenetrable, no tenemos energ\u00eda interconectada; y producimos energ\u00eda llevando gasoil unos 300 km de caminos de tierra para producir energ\u00eda con usinas t\u00e9rmicas. Es bastante dif\u00edcil que no est\u00e9 el Estado haciendo las obras de infraestructura que se necesitan, en lugar de hacerlo a la chilena o con iniciativa p\u00fablica y privada que proponen\u201d.&nbsp;<\/p>\n\n\n\n<p>\u201cPero quiero preguntar adem\u00e1s, cual va a ser el criterio que van a utilizar con la obra p\u00fablica\u201d, dijo el senador chaque\u00f1o y agreg\u00f3 que \u201cel segundo acueducto al que le falta el 18% de la obra para finalizar, se encuentra paralizado; siendo que significar\u00eda mejorar el 65% del servicio de agua potable de mi Provincia. \u00bfC\u00f3mo pretenden llevar adelante este tema?\u201d.&nbsp;<\/p>\n\n\n\n<p>\u201cTambi\u00e9n podr\u00eda mencionar la obra de 132 kv en la zona de Villa Angela y Charataque tambi\u00e9n est\u00e1 paralizada y tiene financiamiento asignado; o el caso de las rutas 11 y 16; y podr\u00eda seguir con m\u00e1s obras que tienen que ver con la conectividad que tanto necesitamos\u201d, plante\u00f3 Zimmermann.&nbsp;<\/p>\n\n\n\n<p>Al secretario de Energ\u00eda, el senador radical le pregunt\u00f3 \u201csi tienen previsto reiniciar las obras del gasoducto del NEA, que si bien en el Chaco es todav\u00eda incipiente, faltan las otras provincias\u201d. Adem\u00e1s plante\u00f3 la necesidad de \u201ccubrir las necesidades del consumo interno antes de exportar cualquier excedente\u201d.&nbsp;<\/p>\n\n\n\n<p>Ante el secretario de Econom\u00eda, Zimmermann realiz\u00f3 una defensa de Pymes y emprendedores, para quienes insisti\u00f3 con la reducci\u00f3n de las cargas sociales y la necesidad de \u201cbrindar financiamiento para su desarrollo\u201d, lo que permitir\u00e1 \u201cla creaci\u00f3n de puestos de trabajo genuino\u201d.&nbsp;<\/p>\n\n\n\n<p><strong>La CGT y la reforma laboral<\/strong>&nbsp;<\/p>\n\n\n\n<p>En ocasi\u00f3n de la visita de los jefes sindicales, Zimmermann se dirigi\u00f3 a H\u00e9ctor Daer&nbsp;&nbsp;de la CGT, consultando su opini\u00f3n sobre \u201cel costo laboral en la Argentina, concretamente el Formulario 931 de aportes y contribuciones\u201d y lanz\u00f3 el desaf\u00edo de \u201ctrabajar juntos en un programa para reducir las cargas sociales\u201d.&nbsp;<\/p>\n\n\n\n<p>Finalmente, el legislador chaque\u00f1o consult\u00f3: \u201csi Uds como CGT, estar\u00edan dispuestos a trabajar en la reconversi\u00f3n de los programas sociales al sector productivo; tema sobre el que tenemos proyecto presentado y me gustar\u00eda hacerles llegar\u201d.<\/p>\n","protected":false},"excerpt":{"rendered":"<p>El senador por el Chaco, V\u00edctor Zimmermann, particip\u00f3 del plenario de comisiones del Senado y aprovech\u00f3 para reclamar al ministro del Interior por las obras p\u00fablicas que el Chaco necesita, adem\u00e1s de invitar a la CGT a discutir una reforma laboral y la reconversi\u00f3n de programas sociales.&nbsp; En el marco del plenario de las comisiones [&hellip;]<\/p>\n","protected":false},"author":2,"featured_media":1333,"comment_status":"open","ping_status":"open","sticky":false,"template":"","format":"standard","meta":{"footnotes":""},"categories":[28],"tags":[],"class_list":{"0":"post-1332","1":"post","2":"type-post","3":"status-publish","4":"format-standard","5":"has-post-thumbnail","7":"category-locales"},"aioseo_notices":[],"_links":{"self":[{"href":"https:\/\/lalupa24.com.ar\/index.php\/wp-json\/wp\/v2\/posts\/1332","targetHints":{"allow":["GET"]}}],"collection":[{"href":"https:\/\/lalupa24.com.ar\/index.php\/wp-json\/wp\/v2\/posts"}],"about":[{"href":"https:\/\/lalupa24.com.ar\/index.php\/wp-json\/wp\/v2\/types\/post"}],"author":[{"embeddable":true,"href":"https:\/\/lalupa24.com.ar\/index.php\/wp-json\/wp\/v2\/users\/2"}],"replies":[{"embeddable":true,"href":"https:\/\/lalupa24.com.ar\/index.php\/wp-json\/wp\/v2\/comments?post=1332"}],"version-history":[{"count":1,"href":"https:\/\/lalupa24.com.ar\/index.php\/wp-json\/wp\/v2\/posts\/1332\/revisions"}],"predecessor-version":[{"id":1334,"href":"https:\/\/lalupa24.com.ar\/index.php\/wp-json\/wp\/v2\/posts\/1332\/revisions\/1334"}],"wp:featuredmedia":[{"embeddable":true,"href":"https:\/\/lalupa24.com.ar\/index.php\/wp-json\/wp\/v2\/media\/1333"}],"wp:attachment":[{"href":"https:\/\/lalupa24.com.ar\/index.php\/wp-json\/wp\/v2\/media?parent=1332"}],"wp:term":[{"taxonomy":"category","embeddable":true,"href":"https:\/\/lalupa24.com.ar\/index.php\/wp-json\/wp\/v2\/categories?post=1332"},{"taxonomy":"post_tag","embeddable":true,"href":"https:\/\/lalupa24.com.ar\/index.php\/wp-json\/wp\/v2\/tags?post=1332"}],"curies":[{"name":"wp","href":"https:\/\/api.w.org\/{rel}","templated":true}]}}