{"id":13328,"date":"2025-10-22T19:57:31","date_gmt":"2025-10-22T22:57:31","guid":{"rendered":"https:\/\/lalupa24.com.ar\/?p=13328"},"modified":"2025-10-22T19:57:32","modified_gmt":"2025-10-22T22:57:32","slug":"el-salario-dinamico-la-propuesta-del-gobierno-para-reconfigurar-las-paritarias-y-el-vinculo-laboral-en-argentina","status":"publish","type":"post","link":"https:\/\/lalupa24.com.ar\/index.php\/2025\/10\/22\/el-salario-dinamico-la-propuesta-del-gobierno-para-reconfigurar-las-paritarias-y-el-vinculo-laboral-en-argentina\/","title":{"rendered":"EL SALARIO DIN\u00c1MICO: LA PROPUESTA DEL GOBIERNO PARA RECONFIGURAR LAS PARITARIAS Y EL V\u00cdNCULO LABORAL EN ARGENTINA"},"content":{"rendered":"\n<p>El concepto de <strong>&#8220;salario din\u00e1mico&#8221;<\/strong> es el eje central de la reforma laboral que el Gobierno ha comenzado a articular en el marco del debate por el Presupuesto 2026, y representa un quiebre con la tradicional indexaci\u00f3n salarial ligada prioritariamente a la inflaci\u00f3n. Este mecanismo busca que la remuneraci\u00f3n de los trabajadores no solo se rija por los pisos establecidos en los convenios colectivos, sino que incorpore un <strong>&#8220;diferencial por m\u00e9rito&#8221;<\/strong> directamente vinculado al rendimiento individual y la productividad de cada empleado, redefiniendo el valor del trabajo en la econom\u00eda posinflacionaria.<\/p>\n\n\n\n<p>El objetivo primario, seg\u00fan el secretario de Trabajo, Julio Cordero, es que el sueldo b\u00e1sico de convenio sirva como una <strong>&#8220;exigencia m\u00ednima&#8221;<\/strong>, tomando como referencia la realidad de la &#8220;empresa m\u00e1s desfavorecida en la zona m\u00e1s desfavorecida del pa\u00eds&#8221;. A partir de ese piso, el salario din\u00e1mico entrar\u00eda en juego, permitiendo que los empleadores paguen <strong>incrementos adicionales<\/strong> a aquellos trabajadores que &#8220;se diferencien y se destaquen&#8221;. La l\u00f3gica oficial es que, en un contexto de inflaci\u00f3n a la baja, la negociaci\u00f3n colectiva debe cambiar su foco: de la mera recuperaci\u00f3n del poder adquisitivo a la generaci\u00f3n de incentivos por desempe\u00f1o.<\/p>\n\n\n\n<p>Esta propuesta est\u00e1 \u00edntimamente ligada a otro componente de la reforma: la <strong>priorizaci\u00f3n de los convenios por empresa<\/strong> sobre los convenios por actividad o sector. Al establecer acuerdos salariales dentro de cada firma, se busca adaptar las condiciones y los premios por productividad a la realidad econ\u00f3mica espec\u00edfica de esa unidad productiva. De esta forma, las empresas con mejor desempe\u00f1o econ\u00f3mico podr\u00edan ofrecer mejores remuneraciones &#8220;din\u00e1micas&#8221;, mientras que las negociaciones sectoriales (paritarias) actuar\u00edan como un resguardo de m\u00ednimos, perdiendo su rol hist\u00f3rico de principal herramienta de actualizaci\u00f3n salarial.<\/p>\n\n\n\n<p>Las implicancias para las paritarias son profundas y controversiales. Los sectores sindicales advierten que el <strong>salario din\u00e1mico podr\u00eda debilitar la negociaci\u00f3n colectiva<\/strong>, fragmentando la representaci\u00f3n gremial y la capacidad de los sindicatos de imponer aumentos uniformes en toda una rama. La cr\u00edtica principal radica en que, al trasladar el riesgo econ\u00f3mico y la necesidad de aumento al rendimiento individual, se podr\u00eda generar una <strong>mayor desigualdad salarial<\/strong> dentro de la misma actividad, y el poder adquisitivo de los salarios b\u00e1sicos podr\u00eda deteriorarse si la &#8220;productividad&#8221; se convierte en un criterio subjetivo o de dif\u00edcil fiscalizaci\u00f3n.<\/p>\n\n\n\n<p>Desde la perspectiva gubernamental y de las c\u00e1maras empresariales, sin embargo, el dinamismo salarial es clave para <strong>reducir los costos laborales indirectos<\/strong> y fomentar la formalizaci\u00f3n, ya que se asume que un sistema m\u00e1s flexible y ligado a la rentabilidad generar\u00e1 m\u00e1s empleo registrado y sostenible. La defensa se centra en que, al premiar el m\u00e9rito, se eleva la <strong>productividad general<\/strong>, un factor considerado esencial para impulsar el crecimiento econ\u00f3mico y atraer inversi\u00f3n, saliendo de la &#8220;trampa&#8221; de los salarios fijos que no reflejan el aporte de cada trabajador.<\/p>\n\n\n\n<p>En resumen, el salario din\u00e1mico es m\u00e1s que un simple cambio de c\u00e1lculo; es una <strong>reconfiguraci\u00f3n ideol\u00f3gica<\/strong> de la relaci\u00f3n laboral en Argentina. Su implementaci\u00f3n, ya sea mediante un cap\u00edtulo en el Presupuesto 2026 o a trav\u00e9s de una &#8220;Ley Bases II&#8221;, marcar\u00e1 el futuro de las paritarias, transform\u00e1ndolas de una herramienta de defensa del salario real ante la inflaci\u00f3n en una <strong>negociaci\u00f3n de m\u00ednimos<\/strong>, mientras que los verdaderos aumentos quedar\u00edan sujetos al diferencial de productividad negociado a nivel de empresa o individual. Este cambio de paradigma requiere de un consenso pol\u00edtico y social que, por el momento, parece inalcanzable.<\/p>\n","protected":false},"excerpt":{"rendered":"<p>El concepto de &#8220;salario din\u00e1mico&#8221; es el eje central de la reforma laboral que el Gobierno ha comenzado a articular en el marco del debate por el Presupuesto 2026, y representa un quiebre con la tradicional indexaci\u00f3n salarial ligada prioritariamente a la inflaci\u00f3n. Este mecanismo busca que la remuneraci\u00f3n de los trabajadores no solo se [&hellip;]<\/p>\n","protected":false},"author":2,"featured_media":13317,"comment_status":"open","ping_status":"open","sticky":false,"template":"","format":"standard","meta":{"footnotes":""},"categories":[26],"tags":[],"class_list":{"0":"post-13328","1":"post","2":"type-post","3":"status-publish","4":"format-standard","5":"has-post-thumbnail","7":"category-nacionales"},"aioseo_notices":[],"_links":{"self":[{"href":"https:\/\/lalupa24.com.ar\/index.php\/wp-json\/wp\/v2\/posts\/13328","targetHints":{"allow":["GET"]}}],"collection":[{"href":"https:\/\/lalupa24.com.ar\/index.php\/wp-json\/wp\/v2\/posts"}],"about":[{"href":"https:\/\/lalupa24.com.ar\/index.php\/wp-json\/wp\/v2\/types\/post"}],"author":[{"embeddable":true,"href":"https:\/\/lalupa24.com.ar\/index.php\/wp-json\/wp\/v2\/users\/2"}],"replies":[{"embeddable":true,"href":"https:\/\/lalupa24.com.ar\/index.php\/wp-json\/wp\/v2\/comments?post=13328"}],"version-history":[{"count":1,"href":"https:\/\/lalupa24.com.ar\/index.php\/wp-json\/wp\/v2\/posts\/13328\/revisions"}],"predecessor-version":[{"id":13329,"href":"https:\/\/lalupa24.com.ar\/index.php\/wp-json\/wp\/v2\/posts\/13328\/revisions\/13329"}],"wp:featuredmedia":[{"embeddable":true,"href":"https:\/\/lalupa24.com.ar\/index.php\/wp-json\/wp\/v2\/media\/13317"}],"wp:attachment":[{"href":"https:\/\/lalupa24.com.ar\/index.php\/wp-json\/wp\/v2\/media?parent=13328"}],"wp:term":[{"taxonomy":"category","embeddable":true,"href":"https:\/\/lalupa24.com.ar\/index.php\/wp-json\/wp\/v2\/categories?post=13328"},{"taxonomy":"post_tag","embeddable":true,"href":"https:\/\/lalupa24.com.ar\/index.php\/wp-json\/wp\/v2\/tags?post=13328"}],"curies":[{"name":"wp","href":"https:\/\/api.w.org\/{rel}","templated":true}]}}