{"id":13330,"date":"2025-10-22T19:58:38","date_gmt":"2025-10-22T22:58:38","guid":{"rendered":"https:\/\/lalupa24.com.ar\/?p=13330"},"modified":"2025-10-22T19:58:39","modified_gmt":"2025-10-22T22:58:39","slug":"nuevamente-formosa-fuerte-repudio-por-agresion-de-un-seguidor-de-insfran-a-una-militante-de-la-libertad-avanza-en-formosa","status":"publish","type":"post","link":"https:\/\/lalupa24.com.ar\/index.php\/2025\/10\/22\/nuevamente-formosa-fuerte-repudio-por-agresion-de-un-seguidor-de-insfran-a-una-militante-de-la-libertad-avanza-en-formosa\/","title":{"rendered":"NUEVAMENTE FORMOSA: FUERTE REPUDIO POR AGRESI\u00d3N DE UN SEGUIDOR DE INSFR\u00c1N A UNA MILITANTE DE LA LIBERTAD AVANZA EN FORMOSA"},"content":{"rendered":"\n<p>Un grave incidente de violencia pol\u00edtica sacudi\u00f3 este martes a la provincia de Formosa, elevando la tensi\u00f3n entre el oficialismo provincial y la fuerza gobernante a nivel nacional. El hecho central fue la agresi\u00f3n f\u00edsica sufrida por una militante de La Libertad Avanza (LLA) por parte de un seguidor del gobernador Gildo Insfr\u00e1n, en un contexto de alta polarizaci\u00f3n. Este episodio, que r\u00e1pidamente se viraliz\u00f3 a trav\u00e9s de registros audiovisuales, trasciende el mero conflicto interpersonal para instalarse como una preocupante se\u00f1al sobre la intolerancia y el deterioro del di\u00e1logo democr\u00e1tico en la provincia.<\/p>\n\n\n\n<p>El altercado tuvo lugar en la v\u00eda p\u00fablica, presuntamente en las inmediaciones de un evento pol\u00edtico o una concentraci\u00f3n, donde confluyeron militantes de ambos bandos. Las im\u00e1genes difundidas muestran el momento en que un individuo identificado con el oficialismo local, y con indumentaria alusiva a las referencias hist\u00f3ricas del movimiento peronista provincial, propin\u00f3 un golpe a una mujer que portaba simbolog\u00eda de LLA. El secretario de Trabajo, Julio Cordero, ya hab\u00eda mencionado el d\u00eda anterior la necesidad de garantizar la paz social, por lo que este hecho pone en entredicho las garant\u00edas de libre expresi\u00f3n en el territorio.<\/p>\n\n\n\n<p>La reacci\u00f3n de la dirigencia de La Libertad Avanza fue inmediata y contundente. Voceros del espacio a nivel nacional y legisladores locales emitieron comunicados condenando el ataque, calific\u00e1ndolo como un acto de &#8220;matonaje pol\u00edtico&#8221; y una muestra de la &#8220;cultura de la violencia&#8221; que, seg\u00fan ellos, fomenta el &#8220;feudalismo&#8221; provincial. Fuentes cercanas al bloque oficialista en Diputados aseguraron que se presentar\u00eda una denuncia formal, exigiendo a la justicia provincial que act\u00fae de oficio para identificar y sancionar al agresor, a fin de establecer un precedente contra la impunidad.<\/p>\n\n\n\n<p>Analistas pol\u00edticos se\u00f1alan que este tipo de incidentes no son aislados en provincias con estructuras de poder hist\u00f3ricamente concentradas, donde la oposici\u00f3n suele enfrentar un fuerte clima de hostigamiento. Seg\u00fan expertos en derecho constitucional, la agresi\u00f3n constituye no solo un delito com\u00fan, sino una grave vulneraci\u00f3n del derecho a la militancia y la libertad de expresi\u00f3n pol\u00edtica. La intensidad del enfrentamiento subraya la marcada disputa ideol\u00f3gica y de poder que existe entre la administraci\u00f3n central, promotora de la desregulaci\u00f3n, y el modelo de fuerte presencia estatal hist\u00f3ricamente defendido por el peronismo formose\u00f1o.<\/p>\n\n\n\n<p>El conflicto en Formosa tiene tambi\u00e9n una implicancia en el debate de los recursos federales, dado que el Gobierno nacional ha endurecido su discurso contra los gobiernos provinciales que considera que mantienen estructuras ineficientes. Incidentes como este alimentan la narrativa de &#8220;lucha contra la casta&#8221; y &#8220;regeneraci\u00f3n democr\u00e1tica&#8221; del Ejecutivo nacional, intensificando la presi\u00f3n p\u00fablica y medi\u00e1tica sobre la gobernaci\u00f3n de Insfr\u00e1n. La judicializaci\u00f3n del caso determinar\u00e1 si prevalecen las sanciones o si el episodio se disuelve en el \u00e1mbito de la confrontaci\u00f3n pol\u00edtica sin consecuencias legales efectivas.<\/p>\n\n\n\n<p>De cara al futuro, la violencia observada en Formosa es un sombr\u00edo recordatorio de los desaf\u00edos que enfrenta la convivencia democr\u00e1tica en el pa\u00eds. El incidente exige una respuesta institucional clara y un llamado a la mesura por parte de todas las fuerzas pol\u00edticas para evitar que la confrontaci\u00f3n ideol\u00f3gica derive en acciones f\u00edsicas. La calidad del debate p\u00fablico y la civilidad en la contienda ser\u00e1n cruciales mientras el Gobierno nacional y los gobiernos provinciales contin\u00faan negociando el equilibrio de poder y los marcos econ\u00f3micos establecidos en el Presupuesto 2026.<\/p>\n","protected":false},"excerpt":{"rendered":"<p>Un grave incidente de violencia pol\u00edtica sacudi\u00f3 este martes a la provincia de Formosa, elevando la tensi\u00f3n entre el oficialismo provincial y la fuerza gobernante a nivel nacional. El hecho central fue la agresi\u00f3n f\u00edsica sufrida por una militante de La Libertad Avanza (LLA) por parte de un seguidor del gobernador Gildo Insfr\u00e1n, en un [&hellip;]<\/p>\n","protected":false},"author":2,"featured_media":13318,"comment_status":"open","ping_status":"open","sticky":false,"template":"","format":"standard","meta":{"footnotes":""},"categories":[26],"tags":[],"class_list":{"0":"post-13330","1":"post","2":"type-post","3":"status-publish","4":"format-standard","5":"has-post-thumbnail","7":"category-nacionales"},"aioseo_notices":[],"_links":{"self":[{"href":"https:\/\/lalupa24.com.ar\/index.php\/wp-json\/wp\/v2\/posts\/13330","targetHints":{"allow":["GET"]}}],"collection":[{"href":"https:\/\/lalupa24.com.ar\/index.php\/wp-json\/wp\/v2\/posts"}],"about":[{"href":"https:\/\/lalupa24.com.ar\/index.php\/wp-json\/wp\/v2\/types\/post"}],"author":[{"embeddable":true,"href":"https:\/\/lalupa24.com.ar\/index.php\/wp-json\/wp\/v2\/users\/2"}],"replies":[{"embeddable":true,"href":"https:\/\/lalupa24.com.ar\/index.php\/wp-json\/wp\/v2\/comments?post=13330"}],"version-history":[{"count":1,"href":"https:\/\/lalupa24.com.ar\/index.php\/wp-json\/wp\/v2\/posts\/13330\/revisions"}],"predecessor-version":[{"id":13331,"href":"https:\/\/lalupa24.com.ar\/index.php\/wp-json\/wp\/v2\/posts\/13330\/revisions\/13331"}],"wp:featuredmedia":[{"embeddable":true,"href":"https:\/\/lalupa24.com.ar\/index.php\/wp-json\/wp\/v2\/media\/13318"}],"wp:attachment":[{"href":"https:\/\/lalupa24.com.ar\/index.php\/wp-json\/wp\/v2\/media?parent=13330"}],"wp:term":[{"taxonomy":"category","embeddable":true,"href":"https:\/\/lalupa24.com.ar\/index.php\/wp-json\/wp\/v2\/categories?post=13330"},{"taxonomy":"post_tag","embeddable":true,"href":"https:\/\/lalupa24.com.ar\/index.php\/wp-json\/wp\/v2\/tags?post=13330"}],"curies":[{"name":"wp","href":"https:\/\/api.w.org\/{rel}","templated":true}]}}