{"id":13342,"date":"2025-10-22T20:05:22","date_gmt":"2025-10-22T23:05:22","guid":{"rendered":"https:\/\/lalupa24.com.ar\/?p=13342"},"modified":"2025-10-22T20:05:23","modified_gmt":"2025-10-22T23:05:23","slug":"gerardo-werthein-renuncia-a-la-cancilleria-y-dispara-el-recambio-de-gabinete-post-electoral","status":"publish","type":"post","link":"https:\/\/lalupa24.com.ar\/index.php\/2025\/10\/22\/gerardo-werthein-renuncia-a-la-cancilleria-y-dispara-el-recambio-de-gabinete-post-electoral\/","title":{"rendered":"GERARDO WERTHEIN RENUNCIA A LA CANCILLER\u00cdA Y DISPARA EL RECAMBIO DE GABINETE POST-ELECTORAL"},"content":{"rendered":"\n<p>El ministro de Relaciones Exteriores, <strong>Gerardo Werthein<\/strong>, present\u00f3 su renuncia al cargo, marcando el inicio formal de los esperados cambios y reacomodamientos en el Gabinete del presidente Javier Milei, previstos para despu\u00e9s de las elecciones legislativas del pr\u00f3ximo domingo. La salida de Werthein se har\u00e1 efectiva el <strong>pr\u00f3ximo lunes 27 de octubre<\/strong>, y se produce en un contexto de fuertes tensiones internas y disputas de poder dentro de la estructura gubernamental.<\/p>\n\n\n\n<p>La decisi\u00f3n de Werthein fue comunicada al presidente Milei y a la secretaria general de la Presidencia, Karina Milei, el pasado viernes en la Quinta de Olivos, y fue finalmente aceptada. Si bien el Canciller saliente aleg\u00f3 diversos motivos, fuentes cercanas a la Casa Rosada y al propio Werthein indicaron que la renuncia se precipit\u00f3 por los <strong>&#8220;roces&#8221; y la &#8220;incomodidad&#8221;<\/strong> generados por la creciente influencia de otros miembros del equipo de gobierno, especialmente el asesor presidencial <strong>Santiago Caputo<\/strong>.<\/p>\n\n\n\n<p>El conflicto con Caputo es el principal factor de la dimisi\u00f3n. Werthein habr\u00eda manifestado sus objeciones a la supuesta <strong>&#8220;diplomacia paralela&#8221;<\/strong> ejercida por el consultor, quien mantiene canales extraoficiales de di\u00e1logo con la administraci\u00f3n estadounidense. Las fricciones escalaron despu\u00e9s de la \u00faltima gira presidencial a Estados Unidos, donde Werthein fue responsabilizado indirectamente por la supuesta desinformaci\u00f3n a Donald Trump sobre el tipo de elecciones que se realizar\u00edan en Argentina. El ya excanciller habr\u00eda condicionado su continuidad a la no designaci\u00f3n de Caputo en el Gabinete, anticip\u00e1ndose a un recambio que Milei hab\u00eda anunciado previamente.<\/p>\n\n\n\n<h3 class=\"wp-block-heading\"><strong>Comienza el Recambio y la Danza de Nombres<\/strong><\/h3>\n\n\n\n<p>La renuncia de Werthein pone en marcha la reestructuraci\u00f3n ministerial anunciada por el presidente Milei. El mandatario hab\u00eda anticipado que, despu\u00e9s del resultado electoral, evaluar\u00eda el &#8220;entramado&#8221; necesario para impulsar las <strong>&#8220;reformas de segunda generaci\u00f3n&#8221;<\/strong> (laboral y tributaria). La salida del Canciller es la primera de una serie de movimientos esperados.<\/p>\n\n\n\n<p>Adem\u00e1s de la Canciller\u00eda, se espera que haya cambios obligatorios, como la salida de la ministra de Seguridad, <strong>Patricia Bullrich<\/strong>, y del ministro de Defensa, <strong>Luis Petri<\/strong>, quienes dejar\u00e1n sus cargos el 10 de diciembre para asumir en el Congreso de la Naci\u00f3n como legisladores electos. Tambi\u00e9n circulan versiones sobre posibles movimientos en la Jefatura de Gabinete.<\/p>\n\n\n\n<p>Para reemplazar a Werthein al frente del Palacio San Mart\u00edn, ya suenan varios nombres, con especulaciones que van desde el ya mencionado <strong>Santiago Caputo<\/strong> \u2014quien podr\u00eda ser formalmente incorporado al Gabinete\u2014 hasta figuras con experiencia en Relaciones Internacionales. Werthein, por su parte, anticip\u00f3 que su intenci\u00f3n es seguir ligado a la pol\u00edtica exterior, concentrando su actividad en Washington.<\/p>\n\n\n\n<p>La salida del Canciller a solo cuatro d\u00edas de los comicios legislativos subraya la alta tensi\u00f3n interna en el Gobierno, al tiempo que prepara el terreno para una reconfiguraci\u00f3n ministerial que busca fortalecer al Ejecutivo de cara al segundo tramo de su mandato y a la necesidad de impulsar las reformas econ\u00f3micas clave.<\/p>\n","protected":false},"excerpt":{"rendered":"<p>El ministro de Relaciones Exteriores, Gerardo Werthein, present\u00f3 su renuncia al cargo, marcando el inicio formal de los esperados cambios y reacomodamientos en el Gabinete del presidente Javier Milei, previstos para despu\u00e9s de las elecciones legislativas del pr\u00f3ximo domingo. La salida de Werthein se har\u00e1 efectiva el pr\u00f3ximo lunes 27 de octubre, y se produce [&hellip;]<\/p>\n","protected":false},"author":2,"featured_media":13324,"comment_status":"open","ping_status":"open","sticky":false,"template":"","format":"standard","meta":{"footnotes":""},"categories":[26],"tags":[],"class_list":{"0":"post-13342","1":"post","2":"type-post","3":"status-publish","4":"format-standard","5":"has-post-thumbnail","7":"category-nacionales"},"aioseo_notices":[],"_links":{"self":[{"href":"https:\/\/lalupa24.com.ar\/index.php\/wp-json\/wp\/v2\/posts\/13342","targetHints":{"allow":["GET"]}}],"collection":[{"href":"https:\/\/lalupa24.com.ar\/index.php\/wp-json\/wp\/v2\/posts"}],"about":[{"href":"https:\/\/lalupa24.com.ar\/index.php\/wp-json\/wp\/v2\/types\/post"}],"author":[{"embeddable":true,"href":"https:\/\/lalupa24.com.ar\/index.php\/wp-json\/wp\/v2\/users\/2"}],"replies":[{"embeddable":true,"href":"https:\/\/lalupa24.com.ar\/index.php\/wp-json\/wp\/v2\/comments?post=13342"}],"version-history":[{"count":1,"href":"https:\/\/lalupa24.com.ar\/index.php\/wp-json\/wp\/v2\/posts\/13342\/revisions"}],"predecessor-version":[{"id":13343,"href":"https:\/\/lalupa24.com.ar\/index.php\/wp-json\/wp\/v2\/posts\/13342\/revisions\/13343"}],"wp:featuredmedia":[{"embeddable":true,"href":"https:\/\/lalupa24.com.ar\/index.php\/wp-json\/wp\/v2\/media\/13324"}],"wp:attachment":[{"href":"https:\/\/lalupa24.com.ar\/index.php\/wp-json\/wp\/v2\/media?parent=13342"}],"wp:term":[{"taxonomy":"category","embeddable":true,"href":"https:\/\/lalupa24.com.ar\/index.php\/wp-json\/wp\/v2\/categories?post=13342"},{"taxonomy":"post_tag","embeddable":true,"href":"https:\/\/lalupa24.com.ar\/index.php\/wp-json\/wp\/v2\/tags?post=13342"}],"curies":[{"name":"wp","href":"https:\/\/api.w.org\/{rel}","templated":true}]}}