{"id":1335,"date":"2024-05-17T17:17:00","date_gmt":"2024-05-17T20:17:00","guid":{"rendered":"https:\/\/lalupa24.com.ar\/?p=1335"},"modified":"2024-05-17T22:20:51","modified_gmt":"2024-05-18T01:20:51","slug":"el-gobernador-zdero-acompano-la-inauguracion-de-la-plazoleta-presidente-alfonsin-en-saenz-pena","status":"publish","type":"post","link":"https:\/\/lalupa24.com.ar\/index.php\/2024\/05\/17\/el-gobernador-zdero-acompano-la-inauguracion-de-la-plazoleta-presidente-alfonsin-en-saenz-pena\/","title":{"rendered":"El gobernador Zdero acompa\u00f1\u00f3 la inauguraci\u00f3n de la plazoleta \u201cPresidente Alfonsin\u201d en S\u00e1enz Pe\u00f1a"},"content":{"rendered":"\n<p><\/p>\n\n\n\n<p><em>El gobernador Leandro Zdero junto al intendente de S\u00e1enz Pe\u00f1a, Bruno Cipolini, acompa\u00f1\u00f3, este viernes por la noche, la inauguraci\u00f3n de la plazoleta \u201cPresidente Ra\u00fal Alfons\u00edn\u201d en la ciudad termal. En este contexto, Zdero destac\u00f3 \u201cla recuperaci\u00f3n de un espacio, convirti\u00e9ndolo en un lugar de encuentro para toda la comunidad\u201d y con la importancia de homenajear al ex presidente de la Naci\u00f3n, \u201cAlfons\u00edn, el Padre de la Democracia y un referente en la historia de nuestro pa\u00eds\u201d, ratific\u00f3 el mandatario.<\/em><br>Participaron del acto inaugural el ministro de Infraestructura, Obras y Servicios P\u00fablicos, Hugo Dom\u00ednguez; el ex gobernador, \u00c1ngel Rozas; el diputado nacional, Gerardo Cipolini; el ex ministro del Interior de Ra\u00fal Alfons\u00edn, Enrique \u201cCoti\u201d Nosiglia; el diputado provincial Carim Peche; intendentes de localidades cercanas, Glenda Seifert, de Pampa del Infierno; Ra\u00fal Maldonado, de Concepci\u00f3n del Bermejo; autoridades municipales y concejales locales.<br>El mandatario provincial destac\u00f3 que a 40 a\u00f1os de la vuelta de la democracia, \u201crecuperada de la mano de Ra\u00fal Alfons\u00edn\u201d es muy importante estar inaugurando este espacio p\u00fablico y hoy lo homenajeamos inaugurando una plaza que lleva su nombre\u201d.<br>Durante el acto, se descubri\u00f3 un busto en homenaje a Alfons\u00edn y un mural; en ese sentido, Zdero remarc\u00f3 los valores del ex presidente, dignos de imitar: \u201csu esp\u00edritu democr\u00e1tico, amplio, tolerante por sobre todas las cosas y con una mirada realmente muy abierta para comprender los tiempos dif\u00edciles que le tocaron caminar, en un proceso que hoy, despu\u00e9s de 40 a\u00f1os, tenemos que cuidar y que es el sistema democr\u00e1tico\u201d. En este sentido remarc\u00f3 que \u201cpara nosotros, Alfons\u00edn es un faro de referencia\u201d.<br>Por su parte, el intendente de S\u00e1enz Pe\u00f1a, Bruno Cipolini, manifest\u00f3: \u201cDesde este humilde rinc\u00f3n de la patria, la Municipalidad de Presidencia Roque S\u00e1enz Pe\u00f1a realiza este homenaje al padre de la democracia recuperada en Argentina, instando a valorar y defender su legado; a imitar su entereza y desprendimiento a la hora de priorizar los objetivos trazados por el bien com\u00fan\u201d.<\/p>\n\n\n\n<p><em>Sobre la plazoleta<\/em><br>Este nuevo espacio verde, que est\u00e1 ubicado en la calle 14, esquina 21, en la zona centro de la ciudad termal, cuenta con veredas, juegos para ni\u00f1os, p\u00e9rgolas, mobiliario urbano luces LEDS y tambi\u00e9n, dispone de un anfiteatro. Adem\u00e1s, esta plazoleta cuenta con un mural con el retrato del ex presidente Ra\u00fal Alfons\u00edn. Cabe se\u00f1alar que este espacio fue recuperado para toda la comunidad ya que el lugar hab\u00eda quedado abandonado y hoy ser\u00e1 un nuevo espacio verde para la ciudad.<\/p>\n","protected":false},"excerpt":{"rendered":"<p>El gobernador Leandro Zdero junto al intendente de S\u00e1enz Pe\u00f1a, Bruno Cipolini, acompa\u00f1\u00f3, este viernes por la noche, la inauguraci\u00f3n de la plazoleta \u201cPresidente Ra\u00fal Alfons\u00edn\u201d en la ciudad termal. En este contexto, Zdero destac\u00f3 \u201cla recuperaci\u00f3n de un espacio, convirti\u00e9ndolo en un lugar de encuentro para toda la comunidad\u201d y con la importancia de [&hellip;]<\/p>\n","protected":false},"author":2,"featured_media":1336,"comment_status":"open","ping_status":"open","sticky":false,"template":"","format":"standard","meta":{"footnotes":""},"categories":[27,28],"tags":[],"class_list":{"0":"post-1335","1":"post","2":"type-post","3":"status-publish","4":"format-standard","5":"has-post-thumbnail","7":"category-interior","8":"category-locales"},"aioseo_notices":[],"_links":{"self":[{"href":"https:\/\/lalupa24.com.ar\/index.php\/wp-json\/wp\/v2\/posts\/1335","targetHints":{"allow":["GET"]}}],"collection":[{"href":"https:\/\/lalupa24.com.ar\/index.php\/wp-json\/wp\/v2\/posts"}],"about":[{"href":"https:\/\/lalupa24.com.ar\/index.php\/wp-json\/wp\/v2\/types\/post"}],"author":[{"embeddable":true,"href":"https:\/\/lalupa24.com.ar\/index.php\/wp-json\/wp\/v2\/users\/2"}],"replies":[{"embeddable":true,"href":"https:\/\/lalupa24.com.ar\/index.php\/wp-json\/wp\/v2\/comments?post=1335"}],"version-history":[{"count":1,"href":"https:\/\/lalupa24.com.ar\/index.php\/wp-json\/wp\/v2\/posts\/1335\/revisions"}],"predecessor-version":[{"id":1337,"href":"https:\/\/lalupa24.com.ar\/index.php\/wp-json\/wp\/v2\/posts\/1335\/revisions\/1337"}],"wp:featuredmedia":[{"embeddable":true,"href":"https:\/\/lalupa24.com.ar\/index.php\/wp-json\/wp\/v2\/media\/1336"}],"wp:attachment":[{"href":"https:\/\/lalupa24.com.ar\/index.php\/wp-json\/wp\/v2\/media?parent=1335"}],"wp:term":[{"taxonomy":"category","embeddable":true,"href":"https:\/\/lalupa24.com.ar\/index.php\/wp-json\/wp\/v2\/categories?post=1335"},{"taxonomy":"post_tag","embeddable":true,"href":"https:\/\/lalupa24.com.ar\/index.php\/wp-json\/wp\/v2\/tags?post=1335"}],"curies":[{"name":"wp","href":"https:\/\/api.w.org\/{rel}","templated":true}]}}