{"id":13368,"date":"2025-10-23T10:25:28","date_gmt":"2025-10-23T13:25:28","guid":{"rendered":"https:\/\/lalupa24.com.ar\/?p=13368"},"modified":"2025-10-23T10:25:29","modified_gmt":"2025-10-23T13:25:29","slug":"antes-de-renunciar-werthein-firmo-83-traslados-de-diplomaticos-a-distintas-embajadas-y-consulados","status":"publish","type":"post","link":"https:\/\/lalupa24.com.ar\/index.php\/2025\/10\/23\/antes-de-renunciar-werthein-firmo-83-traslados-de-diplomaticos-a-distintas-embajadas-y-consulados\/","title":{"rendered":"Antes de renunciar, Werthein firm\u00f3 83 traslados de diplom\u00e1ticos a distintas embajadas y consulados"},"content":{"rendered":"\n<p>La precipitada aunque prevista salida\u00a0de\u00a0Gerardo Werthein\u00a0de la Canciller\u00eda lleg\u00f3 con esc\u00e1ndalo incluido. El lunes pasado, dos d\u00edas antes de que su renuncia ante el presidente\u00a0Javier Milei\u00a0se hiciera efectiva, el entonces canciller dispuso v\u00eda resoluci\u00f3n los traslados de 83 diplom\u00e1ticos a distintas embajadas y consulados, por un costo fiscal no menor a US$2 millones, seg\u00fan fuentes diplom\u00e1ticas.<\/p>\n\n\n\n<p>Seg\u00fan la resoluci\u00f3n ministerial, firmada por Werthein y el director general de Recursos Humanos,\u00a0Claudio Guti\u00e9rrez, 29 diplom\u00e1ticos en el exterior cambian de destino, y el resto se trasladar\u00e1 desde Buenos Aires al consulado o embajada al que fue designado, en enero o abril del a\u00f1o pr\u00f3ximo, seg\u00fan se precisa en la mayor\u00eda de los casos. Sin ocultar su incomodidad,\u00a0en el Gobierno ya anunciaron que revisar\u00e1n \u201cuna por una\u201d las designaciones, oficializadas mientras Werthein viv\u00eda sus \u00faltimas horas al frente del Palacio San Mart\u00edn.<\/p>\n\n\n\n<p>En la diplomacia nacional, quienes cuestionan estos nombramientos dicen que los designados pasan \u201cde Buenos Aires a un buen destino, o de un buen destino a otro mejor\u201d. Varios de ellos hab\u00edan sido designados en lugares trascendentes durante los gobiernos kirchneristas, recuerdan. Trascendi\u00f3 tambi\u00e9n que el mismo Werthein dud\u00f3 antes de firmar los traslados, aunque finalmente lo hizo.<\/p>\n\n\n\n<p>En la larga lista hay para todos los gustos: tres funcionarios al consulado en Shanghai, China; dos a la embajada argentina en Alemania; uno (Christian Machuca) al consulado en San Pablo, que comanda Luis Mar\u00eda Kreckler, y varios a consulados de Estados Unidos, como New York y Miami, adem\u00e1s del exdiputado cavallista Jos\u00e9 Luis Fern\u00e1ndez Valoni, designado en la representaci\u00f3n ante las Naciones Unidas, adonde tambi\u00e9n ir\u00e1 el diplom\u00e1tico Jos\u00e9 Otegui. Entre los destinados en pa\u00edses lejanos que vuelven al continente se encuentran Mar\u00eda Celeste Dan\u00f3n (de Kenya a Brasil), Luciano Liendo y Virginia Iribarne (de Rusia a Chile), Jorge Quaranta (de Ucrania a la tranquilidad de Costa Rica). Joaqu\u00edn Salzberg pasar\u00e1 de Kenya a la embajada en Tel Aviv, Israel. Otros dos beneficiados con destinos de playa son Santiago Trasmonte, trasladado desde Buenos Aires a Playa del Carmen, y Carlos Nazareno Ayala, que deber\u00e1 cumplir funciones en la isla espa\u00f1ola de Mallorca.<\/p>\n\n\n\n<p>Una de las cr\u00edticas que ven\u00eda recibiendo Werthein, aunque parte de la responsabilidad le cab\u00eda a su antecesora,\u00a0Diana Mondino, era la mora en llenar los casilleros de embajadas importantes, sedes diplom\u00e1ticas que incluso estaban sin embajador, como la Uni\u00f3n Europea. Tambi\u00e9n est\u00e1n trabadas en el Senado una treintena de ascensos que requieren de la aprobaci\u00f3n de la C\u00e1mara alta, sin aval por el momento de la mayor\u00eda kirchnerista.<\/p>\n\n\n\n<p>Desde el gremio que nuclea a los diplom\u00e1ticos, la Asociaci\u00f3n Profesional del Servicio Exterior (Apsen), defendieron el proceso que termin\u00f3 con los 83 traslados. \u201cLos traslados dispuestos son necesarios para garantizar la continuidad operativa de las representaciones argentinas en el exterior , en tanto los funcionarios designados reemplazar\u00e1n a aquellos que han cumplido sus respectivos per\u00edodos de servicio en el exterior y regresan al pa\u00eds\u201d, escribi\u00f3 la conducci\u00f3n de Apsen a trav\u00e9s de un comunicado. Y destac\u00f3 que \u201cen ning\u00fan caso se trata de designaciones pol\u00edticas ni de la cobertura de jefaturas de misi\u00f3n o titularidades de consulados generales o de relevancia\u201d. Desde el Gobierno reiteraron que evaluar\u00e1n dar de baja la resoluci\u00f3n, a\u00fan sin confirmaci\u00f3n oficial.<\/p>\n\n\n\n<p><\/p>\n","protected":false},"excerpt":{"rendered":"<p>La precipitada aunque prevista salida\u00a0de\u00a0Gerardo Werthein\u00a0de la Canciller\u00eda lleg\u00f3 con esc\u00e1ndalo incluido. El lunes pasado, dos d\u00edas antes de que su renuncia ante el presidente\u00a0Javier Milei\u00a0se hiciera efectiva, el entonces canciller dispuso v\u00eda resoluci\u00f3n los traslados de 83 diplom\u00e1ticos a distintas embajadas y consulados, por un costo fiscal no menor a US$2 millones, seg\u00fan fuentes [&hellip;]<\/p>\n","protected":false},"author":2,"featured_media":13369,"comment_status":"open","ping_status":"open","sticky":false,"template":"","format":"standard","meta":{"footnotes":""},"categories":[28],"tags":[],"class_list":{"0":"post-13368","1":"post","2":"type-post","3":"status-publish","4":"format-standard","5":"has-post-thumbnail","7":"category-locales"},"aioseo_notices":[],"_links":{"self":[{"href":"https:\/\/lalupa24.com.ar\/index.php\/wp-json\/wp\/v2\/posts\/13368","targetHints":{"allow":["GET"]}}],"collection":[{"href":"https:\/\/lalupa24.com.ar\/index.php\/wp-json\/wp\/v2\/posts"}],"about":[{"href":"https:\/\/lalupa24.com.ar\/index.php\/wp-json\/wp\/v2\/types\/post"}],"author":[{"embeddable":true,"href":"https:\/\/lalupa24.com.ar\/index.php\/wp-json\/wp\/v2\/users\/2"}],"replies":[{"embeddable":true,"href":"https:\/\/lalupa24.com.ar\/index.php\/wp-json\/wp\/v2\/comments?post=13368"}],"version-history":[{"count":1,"href":"https:\/\/lalupa24.com.ar\/index.php\/wp-json\/wp\/v2\/posts\/13368\/revisions"}],"predecessor-version":[{"id":13370,"href":"https:\/\/lalupa24.com.ar\/index.php\/wp-json\/wp\/v2\/posts\/13368\/revisions\/13370"}],"wp:featuredmedia":[{"embeddable":true,"href":"https:\/\/lalupa24.com.ar\/index.php\/wp-json\/wp\/v2\/media\/13369"}],"wp:attachment":[{"href":"https:\/\/lalupa24.com.ar\/index.php\/wp-json\/wp\/v2\/media?parent=13368"}],"wp:term":[{"taxonomy":"category","embeddable":true,"href":"https:\/\/lalupa24.com.ar\/index.php\/wp-json\/wp\/v2\/categories?post=13368"},{"taxonomy":"post_tag","embeddable":true,"href":"https:\/\/lalupa24.com.ar\/index.php\/wp-json\/wp\/v2\/tags?post=13368"}],"curies":[{"name":"wp","href":"https:\/\/api.w.org\/{rel}","templated":true}]}}