{"id":13377,"date":"2025-10-01T15:00:00","date_gmt":"2025-10-01T18:00:00","guid":{"rendered":"https:\/\/lalupa24.com.ar\/?p=13377"},"modified":"2025-10-23T10:39:11","modified_gmt":"2025-10-23T13:39:11","slug":"delgado-en-hermoso-campo-obras-y-produccion-son-la-manera-de-mejorar-la-calidad-de-vida-de-nuestra-gente","status":"publish","type":"post","link":"https:\/\/lalupa24.com.ar\/index.php\/2025\/10\/01\/delgado-en-hermoso-campo-obras-y-produccion-son-la-manera-de-mejorar-la-calidad-de-vida-de-nuestra-gente\/","title":{"rendered":"Delgado en Hermoso Campo: \u201cObras y producci\u00f3n son la manera de mejorar la calidad de vida de nuestra gente\u201d"},"content":{"rendered":"\n<p><\/p>\n\n\n\n<p>La presidente del Poder Legislativo, Carmen Delgado, acompa\u00f1\u00f3 al gobernador Leandro Zdero y al intendente de Hermoso Campo, Di\u00f3genes Requena, en una intensa jornada de trabajo que culmin\u00f3 con la firma del convenio para la reactivaci\u00f3n del frigor\u00edfico local, tras 15 a\u00f1os de inactividad. El acuerdo, alcanzado con una empresa privada, busca impulsar la generaci\u00f3n de empleo y fortalecer la producci\u00f3n en la localidad.<\/p>\n\n\n\n<p>\u201cCada paso que damos junto a los municipios, como la recuperaci\u00f3n del frigor\u00edfico, la construcci\u00f3n de escuelas o las obras de pavimento, es una manera de demostrar que el Estado est\u00e1 cerca de la gente, generando oportunidades y mejorando la calidad de vida\u201d, expres\u00f3 Delgado al finalizar las actividades.<\/p>\n\n\n\n<p>Durante la visita, tambi\u00e9n se inauguraron nuevas cuadras de pavimento y el edificio de la Escuela de Educaci\u00f3n Especial N\u00ba38 \u201cSandra Seri\u201d, que fue entregado totalmente equipado para garantizar mejores condiciones de ense\u00f1anza y aprendizaje. Adem\u00e1s, instituciones locales recibieron equipamiento y elementos a trav\u00e9s de la Fundaci\u00f3n Soy Chaco.<\/p>\n\n\n\n<p>La jornada cont\u00f3 con la presencia de la vicegobernadora Silvana Schneider, y en el acto de la escuela particip\u00f3 la ministra de Educaci\u00f3n, Sof\u00eda Naidenoff, junto a autoridades provinciales y locales.<\/p>\n","protected":false},"excerpt":{"rendered":"<p>La presidente del Poder Legislativo, Carmen Delgado, acompa\u00f1\u00f3 al gobernador Leandro Zdero y al intendente de Hermoso Campo, Di\u00f3genes Requena, en una intensa jornada de trabajo que culmin\u00f3 con la firma del convenio para la reactivaci\u00f3n del frigor\u00edfico local, tras 15 a\u00f1os de inactividad. El acuerdo, alcanzado con una empresa privada, busca impulsar la generaci\u00f3n [&hellip;]<\/p>\n","protected":false},"author":2,"featured_media":13378,"comment_status":"open","ping_status":"open","sticky":false,"template":"","format":"standard","meta":{"footnotes":""},"categories":[27],"tags":[],"class_list":{"0":"post-13377","1":"post","2":"type-post","3":"status-publish","4":"format-standard","5":"has-post-thumbnail","7":"category-interior"},"aioseo_notices":[],"_links":{"self":[{"href":"https:\/\/lalupa24.com.ar\/index.php\/wp-json\/wp\/v2\/posts\/13377","targetHints":{"allow":["GET"]}}],"collection":[{"href":"https:\/\/lalupa24.com.ar\/index.php\/wp-json\/wp\/v2\/posts"}],"about":[{"href":"https:\/\/lalupa24.com.ar\/index.php\/wp-json\/wp\/v2\/types\/post"}],"author":[{"embeddable":true,"href":"https:\/\/lalupa24.com.ar\/index.php\/wp-json\/wp\/v2\/users\/2"}],"replies":[{"embeddable":true,"href":"https:\/\/lalupa24.com.ar\/index.php\/wp-json\/wp\/v2\/comments?post=13377"}],"version-history":[{"count":1,"href":"https:\/\/lalupa24.com.ar\/index.php\/wp-json\/wp\/v2\/posts\/13377\/revisions"}],"predecessor-version":[{"id":13379,"href":"https:\/\/lalupa24.com.ar\/index.php\/wp-json\/wp\/v2\/posts\/13377\/revisions\/13379"}],"wp:featuredmedia":[{"embeddable":true,"href":"https:\/\/lalupa24.com.ar\/index.php\/wp-json\/wp\/v2\/media\/13378"}],"wp:attachment":[{"href":"https:\/\/lalupa24.com.ar\/index.php\/wp-json\/wp\/v2\/media?parent=13377"}],"wp:term":[{"taxonomy":"category","embeddable":true,"href":"https:\/\/lalupa24.com.ar\/index.php\/wp-json\/wp\/v2\/categories?post=13377"},{"taxonomy":"post_tag","embeddable":true,"href":"https:\/\/lalupa24.com.ar\/index.php\/wp-json\/wp\/v2\/tags?post=13377"}],"curies":[{"name":"wp","href":"https:\/\/api.w.org\/{rel}","templated":true}]}}