{"id":1338,"date":"2024-05-17T20:20:00","date_gmt":"2024-05-17T23:20:00","guid":{"rendered":"https:\/\/lalupa24.com.ar\/?p=1338"},"modified":"2024-05-17T22:22:36","modified_gmt":"2024-05-18T01:22:36","slug":"el-ministro-de-seguridad-acompano-el-acto-de-ascenso-del-personal-del-servicio-penitenciario","status":"publish","type":"post","link":"https:\/\/lalupa24.com.ar\/index.php\/2024\/05\/17\/el-ministro-de-seguridad-acompano-el-acto-de-ascenso-del-personal-del-servicio-penitenciario\/","title":{"rendered":"El ministro de seguridad acompa\u00f1\u00f3 el acto de ascenso del personal del servicio penitenciario"},"content":{"rendered":"\n<p><\/p>\n\n\n\n<p><em>Durante la ceremonia, Matkovich transmiti\u00f3 el saludo del gobernador Zdero para todo el personal que obtuvo su ascenso, se\u00f1alando que \u201cesto tambi\u00e9n es un reconocimiento a la labor que desarrolla la conducci\u00f3n superior y cada uno de los hombres y mujeres que integran esta Instituci\u00f3n; con el respaldo de esta gesti\u00f3n de gobierno\u201d<\/em>.<\/p>\n\n\n\n<p><em>Este viernes, el ministro de Seguridad Hugo Matkovich estuvo en el Instituto de Formaci\u00f3n Penitenciario, donde, acompa\u00f1ado de las autoridades del mismo y funcionarios del \u00e1rea, recorrieron las instalaciones y participaron del acto de ascenso al personal del Servicio Penitenciario.<\/em><br>El funcionario tambi\u00e9n hizo referencia a la promoci\u00f3n y lo calific\u00f3 como muy importante, resaltando que \u201cen 16 a\u00f1os es la primera vez que en coincidencia con el d\u00eda del Servicio Penitenciario, est\u00e1 firmado el decreto por el cual se promueve al grado inmediato a aquellos que as\u00ed lo merecen\u201d. Tambi\u00e9n remarc\u00f3 \u201cdesde nuestro gobierno tenemos claro lo que en materia de capacitaci\u00f3n pretendemos, proyectamos como prioridad que sea una escuela para la formaci\u00f3n de futuros hombres y mujeres penitenciarios; estamos muy cerca de lograrlo, porque hay una decisi\u00f3n pol\u00edtica de nuestro gobernador y de este ministro de llevar adelante una reestructuraci\u00f3n del servicio, tanto aqu\u00ed como en el servicio de seguridad de la Polic\u00eda de la Provincia, tras a\u00f1os de abandono y desidia hacia las instituciones\u201d .<\/p>\n\n\n\n<p>Para finalizar, el Ministro adelant\u00f3 una pr\u00f3xima incorporaci\u00f3n a la instituci\u00f3n de 220 efectivos a la instituci\u00f3n, como as\u00ed tambi\u00e9n el mejoramiento edilicio a la unidad de detenci\u00f3n.<\/p>\n\n\n\n<p>Presidieron la ceremonia de ascenso de penitenciarios el Ministro de Seguridad Hugo Matkovich, la jefa del Servicio Penitenciario Provincial, Alcaide General Gilda Maidana, el sub jefe Alcaide Gral. Fabi\u00e1n Sotelo, el Subsecretario de Seguridad Crio. Gral. (r) Juan de La Cruz, el Subsecretario de Investigaci\u00f3n e Inteligencia Criminal Crio. Gral (r) \u00c1ngel Dom\u00ednguez, Estado Mayor Penitenciario, Directores y Subdirectores Generales.<\/p>\n","protected":false},"excerpt":{"rendered":"<p>Durante la ceremonia, Matkovich transmiti\u00f3 el saludo del gobernador Zdero para todo el personal que obtuvo su ascenso, se\u00f1alando que \u201cesto tambi\u00e9n es un reconocimiento a la labor que desarrolla la conducci\u00f3n superior y cada uno de los hombres y mujeres que integran esta Instituci\u00f3n; con el respaldo de esta gesti\u00f3n de gobierno\u201d. Este viernes, [&hellip;]<\/p>\n","protected":false},"author":2,"featured_media":1339,"comment_status":"open","ping_status":"open","sticky":false,"template":"","format":"standard","meta":{"footnotes":""},"categories":[28],"tags":[],"class_list":{"0":"post-1338","1":"post","2":"type-post","3":"status-publish","4":"format-standard","5":"has-post-thumbnail","7":"category-locales"},"aioseo_notices":[],"_links":{"self":[{"href":"https:\/\/lalupa24.com.ar\/index.php\/wp-json\/wp\/v2\/posts\/1338","targetHints":{"allow":["GET"]}}],"collection":[{"href":"https:\/\/lalupa24.com.ar\/index.php\/wp-json\/wp\/v2\/posts"}],"about":[{"href":"https:\/\/lalupa24.com.ar\/index.php\/wp-json\/wp\/v2\/types\/post"}],"author":[{"embeddable":true,"href":"https:\/\/lalupa24.com.ar\/index.php\/wp-json\/wp\/v2\/users\/2"}],"replies":[{"embeddable":true,"href":"https:\/\/lalupa24.com.ar\/index.php\/wp-json\/wp\/v2\/comments?post=1338"}],"version-history":[{"count":1,"href":"https:\/\/lalupa24.com.ar\/index.php\/wp-json\/wp\/v2\/posts\/1338\/revisions"}],"predecessor-version":[{"id":1340,"href":"https:\/\/lalupa24.com.ar\/index.php\/wp-json\/wp\/v2\/posts\/1338\/revisions\/1340"}],"wp:featuredmedia":[{"embeddable":true,"href":"https:\/\/lalupa24.com.ar\/index.php\/wp-json\/wp\/v2\/media\/1339"}],"wp:attachment":[{"href":"https:\/\/lalupa24.com.ar\/index.php\/wp-json\/wp\/v2\/media?parent=1338"}],"wp:term":[{"taxonomy":"category","embeddable":true,"href":"https:\/\/lalupa24.com.ar\/index.php\/wp-json\/wp\/v2\/categories?post=1338"},{"taxonomy":"post_tag","embeddable":true,"href":"https:\/\/lalupa24.com.ar\/index.php\/wp-json\/wp\/v2\/tags?post=1338"}],"curies":[{"name":"wp","href":"https:\/\/api.w.org\/{rel}","templated":true}]}}