{"id":13380,"date":"2025-10-23T10:50:53","date_gmt":"2025-10-23T13:50:53","guid":{"rendered":"https:\/\/lalupa24.com.ar\/?p=13380"},"modified":"2025-10-23T10:50:55","modified_gmt":"2025-10-23T13:50:55","slug":"la-municipalidad-acompana-la-organizacion-de-la-expo-tec-2025-organizada-por-el-ministerio-de-educacion","status":"publish","type":"post","link":"https:\/\/lalupa24.com.ar\/index.php\/2025\/10\/23\/la-municipalidad-acompana-la-organizacion-de-la-expo-tec-2025-organizada-por-el-ministerio-de-educacion\/","title":{"rendered":"La municipalidad acompa\u00f1a la organizaci\u00f3n de la expo TEC 2025, organizada por el ministerio de educaci\u00f3n"},"content":{"rendered":"\n<p><\/p>\n\n\n\n<p>En el Parque 2 de Febrero se llev\u00f3 a cabo una reuni\u00f3n organizativa para la Expo TEC 2025, que este a\u00f1o tendr\u00e1 sede en Resistencia y se realizar\u00e1 en este espacio p\u00fablico, con el apoyo log\u00edstico de la Municipalidad.<\/p>\n\n\n\n<p>El evento est\u00e1 a cargo del Ministerio de Educaci\u00f3n, ser\u00e1 el 19 y 20 de noviembre, en paralelo con la carrera Auto TEC, en la que participar\u00e1n autos el\u00e9ctricos construidos por alumnos de 27 escuelas de nivel secundario.<\/p>\n\n\n\n<p>Dami\u00e1n Berger, director de la modalidad t\u00e9cnico profesional del Ministerio de Educaci\u00f3n de la Provincia, explic\u00f3 que en la exposici\u00f3n se mostrar\u00e1 el trabajo que se realizan en las instituciones, con sus docentes y alumnos, incluyendo los niveles secundario y terciario.<\/p>\n\n\n\n<p>\u201cLa Ministra nos indic\u00f3 que el Gobernador quiere que se muestre el potencial que tienen este tipo de escuelas en la Provincia y junto con el Municipio encontramos un lugar estrat\u00e9gico para que los estudiantes del interior puedan conocer y la comunidad educativa se pueda acercar\u201d, indic\u00f3.<\/p>\n\n\n\n<p>En tanto, desde la Subsecretar\u00eda de Cultura del Municipio se\u00f1alaron que es fundamental el trabajo en conjunto en la organizaci\u00f3n de estos eventos que benefician a la comunidad estudiantil y adelantaron que se organizar\u00e1n recorridos tur\u00edsticos para que los alumnos que visitar\u00e1n la Ciudad puedan conocer Resistencia.<\/p>\n","protected":false},"excerpt":{"rendered":"<p>En el Parque 2 de Febrero se llev\u00f3 a cabo una reuni\u00f3n organizativa para la Expo TEC 2025, que este a\u00f1o tendr\u00e1 sede en Resistencia y se realizar\u00e1 en este espacio p\u00fablico, con el apoyo log\u00edstico de la Municipalidad. El evento est\u00e1 a cargo del Ministerio de Educaci\u00f3n, ser\u00e1 el 19 y 20 de noviembre, [&hellip;]<\/p>\n","protected":false},"author":2,"featured_media":13381,"comment_status":"open","ping_status":"open","sticky":false,"template":"","format":"standard","meta":{"footnotes":""},"categories":[28],"tags":[],"class_list":{"0":"post-13380","1":"post","2":"type-post","3":"status-publish","4":"format-standard","5":"has-post-thumbnail","7":"category-locales"},"aioseo_notices":[],"_links":{"self":[{"href":"https:\/\/lalupa24.com.ar\/index.php\/wp-json\/wp\/v2\/posts\/13380","targetHints":{"allow":["GET"]}}],"collection":[{"href":"https:\/\/lalupa24.com.ar\/index.php\/wp-json\/wp\/v2\/posts"}],"about":[{"href":"https:\/\/lalupa24.com.ar\/index.php\/wp-json\/wp\/v2\/types\/post"}],"author":[{"embeddable":true,"href":"https:\/\/lalupa24.com.ar\/index.php\/wp-json\/wp\/v2\/users\/2"}],"replies":[{"embeddable":true,"href":"https:\/\/lalupa24.com.ar\/index.php\/wp-json\/wp\/v2\/comments?post=13380"}],"version-history":[{"count":1,"href":"https:\/\/lalupa24.com.ar\/index.php\/wp-json\/wp\/v2\/posts\/13380\/revisions"}],"predecessor-version":[{"id":13382,"href":"https:\/\/lalupa24.com.ar\/index.php\/wp-json\/wp\/v2\/posts\/13380\/revisions\/13382"}],"wp:featuredmedia":[{"embeddable":true,"href":"https:\/\/lalupa24.com.ar\/index.php\/wp-json\/wp\/v2\/media\/13381"}],"wp:attachment":[{"href":"https:\/\/lalupa24.com.ar\/index.php\/wp-json\/wp\/v2\/media?parent=13380"}],"wp:term":[{"taxonomy":"category","embeddable":true,"href":"https:\/\/lalupa24.com.ar\/index.php\/wp-json\/wp\/v2\/categories?post=13380"},{"taxonomy":"post_tag","embeddable":true,"href":"https:\/\/lalupa24.com.ar\/index.php\/wp-json\/wp\/v2\/tags?post=13380"}],"curies":[{"name":"wp","href":"https:\/\/api.w.org\/{rel}","templated":true}]}}